{"id":65844,"date":"2025-04-13T11:37:59","date_gmt":"2025-04-13T17:37:59","guid":{"rendered":"https:\/\/encuentroinformativo.com.mx\/?p=65844"},"modified":"2025-04-12T20:47:05","modified_gmt":"2025-04-13T02:47:05","slug":"un-reto-eleccion-del-poder-judicial-pero-estoy-preparado-rodrigo-garduno","status":"publish","type":"post","link":"https:\/\/encuentroinformativo.com.mx\/?p=65844","title":{"rendered":"Un reto elecci\u00f3n del Poder Judicial, pero estoy preparado: Rodrigo Gardu\u00f1o"},"content":{"rendered":"<p><strong>Elisa Aburto<\/strong><\/p>\n<p>Xalapa, Ver.- Rodrigo Ricarco Gardu\u00f1o de Jes\u00fas candidato a Juez de Distrito en Materia Laboral consider\u00f3 que la elecci\u00f3n que se efectuar\u00e1 para distintos cargos del Poder Judicial \u201ces un reto\u201d pero tambi\u00e9n representa una oportunidad para que la ciudadan\u00eda se adentre en los procesos democr\u00e1ticos.<\/p>\n<p>\u201cEs una una oportunidad para que la gente sepa quienes van a estar al frente de estos cargos judiciales que conozcan su trayectoria, que conozcan cuales son los m\u00e9ritos acad\u00e9micos y profesionales que tiene cada uno de ellos\u201d, se\u00f1al\u00f3.<\/p>\n<p>En entrevista para <strong>Encuentro Informativo<\/strong> el abogado explic\u00f3 que decidi\u00f3 participar en este proceso de elecci\u00f3n que se realiza por primera vez en la historia, con la finalidad de abonar al sistema de impartici\u00f3n de justicia y de manera particular de los trabajadores.<\/p>\n<p><strong>\u201cLo que yo busco es abonar al sistema de impartici\u00f3n de justicia, defender los derechos de los trabajadores<\/strong> y tambi\u00e9n evidentemente apegarnos a lo que es la justicia, que los trabajadores y patrones sepan cuales son sus derechos, que sepan en qu\u00e9 momento ejercerlos y mantener la sana convivencia en una relaci\u00f3n laboral\u201d.<\/p>\n<p>El tambi\u00e9n Doctor en Derecho consider\u00f3 que aunque este proceso representa un reto para los \u00f3rganos electorales, es a su vez una oportunidad para que la ciudadan\u00eda participe de los procesos democr\u00e1ticos y conozca a quienes buscan ocupar los espacios del Poder Judicial.<\/p>\n<p><strong>\u201cEs un reto pero tambi\u00e9n una gran oportunidad para la ciudadan\u00eda para que se adentre en los procesos democr\u00e1ticos\u2026<\/strong> es un proceso in\u00e9dito, es un verdadero reto para las instituciones electorales, para los candidatos y tambi\u00e9n para la ciudadan\u00eda porque debemos de comprender que son boletas completamente distintas a las que usualmente nosotros conocemos para votar por cargos para el ejecutivo y el legislativo por ejemplo, y aqu\u00ed para el Poder Judicial vamos a votar a trav\u00e9s de n\u00fameros\u201d<\/p>\n<p>Gardu\u00f1o de Jes\u00fas detall\u00f3 que los municipios que comprenden el distrito por el cual participa van desde P\u00e1nuco a La Antigua \u201ctodos esos municipios desde la zona centro a la zona norte del estado son a los que busco llegar, los que pueden votar por mi y es un distrito bastante grande con municipios muy importantes\u201d.<\/p>\n<p>\u00bfQu\u00e9 le ofrece a los ciudadanos?<br \/>\n-Una de mis propuestas esta enfocada a la capacitaci\u00f3n, es muy importante que las personas que integran los \u00f3rganos jurisdiccionales no solo me refiero a los titulares sino los secretarios, los actuarios, los oficiales, que cuenten con una capacitaci\u00f3n constante. <strong>Siempre me he caracterizado por buscar la profesionalizaci\u00f3n, apostarle a la educaci\u00f3n y una de las cosas que busco promover es tener una capacitaci\u00f3n constante.<\/strong><\/p>\n<p>Ricardo Gardu\u00f1o dijo confiar en que la elecci\u00f3n a los distintos cargos dentro del Poder Judicial se realizar\u00e1 de una manera democr\u00e1tica por lo que reiter\u00f3 la invitaci\u00f3n para que los ciudadanos acudan a las urnas<strong> \u201cla boleta para votar por los jueces ser\u00e1 de color amarillo, con distintos recuadros. Yo les pido que en la boleta amarilla voten por mi al poner en el recuadro el n\u00famero 24\u201d.<\/strong><\/p>\n<p><strong>Perfil Acad\u00e9mico<\/strong><\/p>\n<p>Rodrigo Ricarco Gardu\u00f1o de Jes\u00fas afirm\u00f3 que cuenta con el perfil acad\u00e9mico y la experiencia profesional para poder aspirar a un cargo dentro del Poder Judicial, \u201ces muy importante conjuntar la parte te\u00f3rica con la practica\u201d.<\/p>\n<p>Entre los estudios con los que cuenta se encuentran: Egresado de la licenciatura en Derecho por la Universidad Veracruzana; Especialidad en Derecho Administrativo; Maestr\u00eda en Derecho P\u00fablico; Maestr\u00eda en Derecho Laboral; Doctor en Derecho.<\/p>\n<p>Actualmente se encuentra cursando su tercera maestr\u00eda en Derecho Constitucional; adem\u00e1s de varios diplomados en distintas ramas del derecho.<\/p>\n","protected":false},"excerpt":{"rendered":"<p>Elisa Aburto Xalapa, Ver.- Rodrigo Ricarco Gardu\u00f1o de Jes\u00fas candidato a Juez de Distrito en Materia Laboral consider\u00f3 que la elecci\u00f3n que se efectuar\u00e1 para distintos cargos del Poder Judicial \u201ces un reto\u201d pero tambi\u00e9n representa una oportunidad para que la ciudadan\u00eda se adentre en los procesos democr\u00e1ticos. \u201cEs una una oportunidad para que la [&hellip;]<\/p>\n","protected":false},"author":2476,"featured_media":65847,"comment_status":"open","ping_status":"open","sticky":false,"template":"","format":"standard","meta":{"_jetpack_memberships_contains_paid_content":false,"footnotes":""},"categories":[10,2],"tags":[],"class_list":["post-65844","post","type-post","status-publish","format-standard","has-post-thumbnail","hentry","category-entrevistas","category-estado"],"jetpack_featured_media_url":"https:\/\/encuentroinformativo.com.mx\/wp-content\/uploads\/2025\/04\/Photo_17445060533762-scaled.jpg","jetpack_sharing_enabled":true,"jetpack_likes_enabled":true,"amp_enabled":true,"_links":{"self":[{"href":"https:\/\/encuentroinformativo.com.mx\/index.php?rest_route=\/wp\/v2\/posts\/65844","targetHints":{"allow":["GET"]}}],"collection":[{"href":"https:\/\/encuentroinformativo.com.mx\/index.php?rest_route=\/wp\/v2\/posts"}],"about":[{"href":"https:\/\/encuentroinformativo.com.mx\/index.php?rest_route=\/wp\/v2\/types\/post"}],"author":[{"embeddable":true,"href":"https:\/\/encuentroinformativo.com.mx\/index.php?rest_route=\/wp\/v2\/users\/2476"}],"replies":[{"embeddable":true,"href":"https:\/\/encuentroinformativo.com.mx\/index.php?rest_route=%2Fwp%2Fv2%2Fcomments&post=65844"}],"version-history":[{"count":1,"href":"https:\/\/encuentroinformativo.com.mx\/index.php?rest_route=\/wp\/v2\/posts\/65844\/revisions"}],"predecessor-version":[{"id":65846,"href":"https:\/\/encuentroinformativo.com.mx\/index.php?rest_route=\/wp\/v2\/posts\/65844\/revisions\/65846"}],"wp:featuredmedia":[{"embeddable":true,"href":"https:\/\/encuentroinformativo.com.mx\/index.php?rest_route=\/wp\/v2\/media\/65847"}],"wp:attachment":[{"href":"https:\/\/encuentroinformativo.com.mx\/index.php?rest_route=%2Fwp%2Fv2%2Fmedia&parent=65844"}],"wp:term":[{"taxonomy":"category","embeddable":true,"href":"https:\/\/encuentroinformativo.com.mx\/index.php?rest_route=%2Fwp%2Fv2%2Fcategories&post=65844"},{"taxonomy":"post_tag","embeddable":true,"href":"https:\/\/encuentroinformativo.com.mx\/index.php?rest_route=%2Fwp%2Fv2%2Ftags&post=65844"}],"curies":[{"name":"wp","href":"https:\/\/api.w.org\/{rel}","templated":true}]}}