{"id":65859,"date":"2025-04-13T15:46:54","date_gmt":"2025-04-13T21:46:54","guid":{"rendered":"https:\/\/encuentroinformativo.com.mx\/?p=65859"},"modified":"2025-04-13T15:46:54","modified_gmt":"2025-04-13T21:46:54","slug":"veracruz-sin-estadisticas-de-personas-con-espectro-autista-realizan-marcha-para-visibilizar","status":"publish","type":"post","link":"https:\/\/encuentroinformativo.com.mx\/?p=65859","title":{"rendered":"Veracruz sin estad\u00edsticas de personas con espectro autista; realizan marcha para visibilizar"},"content":{"rendered":"<p><strong>Dar\u00edo Pale<\/strong><\/p>\n<p>Xalapa, Ver.- En Veracruz se carece de un padr\u00f3n de las personas con el espectro del autismo y en las zonas rurales, est\u00e1n sin atenci\u00f3n especial ya que todo se encuentra centralizado.<\/p>\n<p>En entrevista la directora del Centro Mexicano para la Neurodiversidad y el Autismo (INTEGRA), Virginia Mart\u00ednez Conde, precis\u00f3 que en Veracruz se carece de una estad\u00edstica sobre el n\u00famero de personas autistas.<\/p>\n<p>&#8220;No existe un padr\u00f3n que nos diga cu\u00e1ntas personas autistas hay, sin embargo, Veracruz al ser el estado m\u00e1s grande del pa\u00eds, de 0 a 14 a\u00f1os muy amplia, la cantidad de personas autistas es importante para poder ofrecer estrategias de atenci\u00f3n, para poder ofrecer un diagn\u00f3stico oportuno temprano y sobre todo de atenci\u00f3n temprana&#8221;, se\u00f1al\u00f3.<\/p>\n<p>Se trata, dijo, de un tema pendiente &#8220;porque muchas veces se centraliza y las personas de las comunidades no tienen la oportunidad de recibir la atenci\u00f3n que se merecen&#8221;.<\/p>\n<p>Es la cuarta caminata que se realiza en el marco del D\u00eda del Autismo el pasado 2 de abril.<\/p>\n<p>&#8220;El prop\u00f3sito es visibilizar sobre la presencia del autismo que est\u00e1 mucho m\u00e1s cerca de lo que pensamos que est\u00e1 y que a todos nos corresponde desde el lugar donde estamos ser una sociedad m\u00e1s incluyente en todas las condiciones&#8221;, coment\u00f3.<\/p>\n<p>El trastorno del espectro autista es una afecci\u00f3n relacionada con el desarrollo del cerebro que afecta la manera en la que una persona percibe y socializa con otras personas, lo que causa problemas en la interacci\u00f3n social y la comunicaci\u00f3n.<\/p>\n<p><img loading=\"lazy\" decoding=\"async\" class=\"alignnone size-medium wp-image-65861\" src=\"https:\/\/encuentroinformativo.com.mx\/wp-content\/uploads\/2025\/04\/IMG-20250413-WA0073-300x225.jpg\" alt=\"\" width=\"300\" height=\"225\" srcset=\"https:\/\/encuentroinformativo.com.mx\/wp-content\/uploads\/2025\/04\/IMG-20250413-WA0073-300x225.jpg 300w, https:\/\/encuentroinformativo.com.mx\/wp-content\/uploads\/2025\/04\/IMG-20250413-WA0073-1024x768.jpg 1024w, https:\/\/encuentroinformativo.com.mx\/wp-content\/uploads\/2025\/04\/IMG-20250413-WA0073-768x576.jpg 768w, https:\/\/encuentroinformativo.com.mx\/wp-content\/uploads\/2025\/04\/IMG-20250413-WA0073-1536x1152.jpg 1536w, https:\/\/encuentroinformativo.com.mx\/wp-content\/uploads\/2025\/04\/IMG-20250413-WA0073.jpg 1600w\" sizes=\"auto, (max-width: 300px) 100vw, 300px\" \/><\/p>\n","protected":false},"excerpt":{"rendered":"<p>Dar\u00edo Pale Xalapa, Ver.- En Veracruz se carece de un padr\u00f3n de las personas con el espectro del autismo y en las zonas rurales, est\u00e1n sin atenci\u00f3n especial ya que todo se encuentra centralizado. En entrevista la directora del Centro Mexicano para la Neurodiversidad y el Autismo (INTEGRA), Virginia Mart\u00ednez Conde, precis\u00f3 que en Veracruz [&hellip;]<\/p>\n","protected":false},"author":2476,"featured_media":65860,"comment_status":"open","ping_status":"open","sticky":false,"template":"","format":"standard","meta":{"_jetpack_memberships_contains_paid_content":false,"footnotes":""},"categories":[3],"tags":[],"class_list":["post-65859","post","type-post","status-publish","format-standard","has-post-thumbnail","hentry","category-xalapa"],"jetpack_featured_media_url":"https:\/\/encuentroinformativo.com.mx\/wp-content\/uploads\/2025\/04\/IMG-20250413-WA0076.jpg","jetpack_sharing_enabled":true,"jetpack_likes_enabled":true,"amp_enabled":true,"_links":{"self":[{"href":"https:\/\/encuentroinformativo.com.mx\/index.php?rest_route=\/wp\/v2\/posts\/65859","targetHints":{"allow":["GET"]}}],"collection":[{"href":"https:\/\/encuentroinformativo.com.mx\/index.php?rest_route=\/wp\/v2\/posts"}],"about":[{"href":"https:\/\/encuentroinformativo.com.mx\/index.php?rest_route=\/wp\/v2\/types\/post"}],"author":[{"embeddable":true,"href":"https:\/\/encuentroinformativo.com.mx\/index.php?rest_route=\/wp\/v2\/users\/2476"}],"replies":[{"embeddable":true,"href":"https:\/\/encuentroinformativo.com.mx\/index.php?rest_route=%2Fwp%2Fv2%2Fcomments&post=65859"}],"version-history":[{"count":1,"href":"https:\/\/encuentroinformativo.com.mx\/index.php?rest_route=\/wp\/v2\/posts\/65859\/revisions"}],"predecessor-version":[{"id":65862,"href":"https:\/\/encuentroinformativo.com.mx\/index.php?rest_route=\/wp\/v2\/posts\/65859\/revisions\/65862"}],"wp:featuredmedia":[{"embeddable":true,"href":"https:\/\/encuentroinformativo.com.mx\/index.php?rest_route=\/wp\/v2\/media\/65860"}],"wp:attachment":[{"href":"https:\/\/encuentroinformativo.com.mx\/index.php?rest_route=%2Fwp%2Fv2%2Fmedia&parent=65859"}],"wp:term":[{"taxonomy":"category","embeddable":true,"href":"https:\/\/encuentroinformativo.com.mx\/index.php?rest_route=%2Fwp%2Fv2%2Fcategories&post=65859"},{"taxonomy":"post_tag","embeddable":true,"href":"https:\/\/encuentroinformativo.com.mx\/index.php?rest_route=%2Fwp%2Fv2%2Ftags&post=65859"}],"curies":[{"name":"wp","href":"https:\/\/api.w.org\/{rel}","templated":true}]}}