{"id":65865,"date":"2025-04-13T19:19:55","date_gmt":"2025-04-14T01:19:55","guid":{"rendered":"https:\/\/encuentroinformativo.com.mx\/?p=65865"},"modified":"2025-04-13T19:19:55","modified_gmt":"2025-04-14T01:19:55","slug":"aplicara-ine-medidas-de-inclusion-en-la-primera-eleccion-del-poder-judicial-de-la-federacion","status":"publish","type":"post","link":"https:\/\/encuentroinformativo.com.mx\/?p=65865","title":{"rendered":"Aplicar\u00e1 INE medidas de inclusi\u00f3n en la primera elecci\u00f3n del Poder Judicial de la Federaci\u00f3n"},"content":{"rendered":"<p><strong>* Se garantizar\u00e1 la participaci\u00f3n efectiva de personas con discapacidad como funcionariado de Casilla Seccional.<\/strong><\/p>\n<p><strong>* El objetivo es incentivar la participaci\u00f3n de las personas trans.<\/strong><\/p>\n<p>Ciudad de M\u00e9xico.- Durante el Proceso Electoral Extraordinario para la elecci\u00f3n de diversos cargos del<br \/>\nPoder Judicial de la Federaci\u00f3n (PEEPJF) 2024-2025, el Instituto Nacional Electoral (INE), aplicar\u00e1 medidas encaminadas a la inclusi\u00f3n de las personas con discapacidad y trans, a fin de que puedan participar en igualdad de condiciones.<\/p>\n<p>Desde un enfoque de derechos humanos y una perspectiva antidiscriminatoria, como lo ha hecho en elecciones anteriores, el INE aplicar\u00e1 el Protocolo para la Inclusi\u00f3n de Personas con Discapacidad como funcionarios y funcionarias de Mesas Directivas de Casilla.<\/p>\n<p>Dicho protocolo establece las acciones para crear las condiciones que permitan la participaci\u00f3n efectiva de las personas con discapacidad en todos los tipos de elecci\u00f3n, en igualdad y sin discriminaci\u00f3n.<\/p>\n<p>Las personas con alg\u00fan tipo de discapacidad que resultaron insaculadas en la primera etapa de capacitaci\u00f3n y que fueron visitadas por las y los Capacitadores Asistentes Electorales (CAE), ser\u00e1n informadas para que, en caso de que accedan a ser funcionarias o funcionarios de Casilla Seccional, conozcan las medidas de nivelaci\u00f3n y pasen a la segunda etapa de capacitaci\u00f3n en calidad de propietarias.<\/p>\n<p>Es decir, en la segunda etapa de capacitaci\u00f3n se designar\u00e1 a las personas con discapacidad como presidentas, secretarias o escrutadoras de la Mesa Directiva<br \/>\nde Casilla Seccional.<\/p>\n<p>Asimismo, a las personas que participen como funcionarias y funcionarios de casilla, se les brindar\u00e1 informaci\u00f3n sobre el protocolo de inclusi\u00f3n de personas con discapacidad.<\/p>\n<p>Facilidades para ejercer el voto<br \/>\nEl protocolo se\u00f1ala que, para la Jornada Electoral del 1 de junio, se instalar\u00e1n Casillas Seccionales en lugares con acceso seguro y libre a las personas con discapacidad.<\/p>\n<p>El INE determin\u00f3 capacitar al funcionariado para que, en caso de que una persona por su discapacidad no pueda ingresar a la Casilla Seccional, se contar\u00e1 con un sobre especial para trasladar la boleta o boletas, as\u00ed como la mampara m\u00f3vil fuera del inmueble.<\/p>\n<p>La persona con alguna discapacidad que as\u00ed lo requiera, tanto al momento de votar, como al ser parte del funcionariado de Casilla Seccional, podr\u00e1 solicitar el apoyo de una persona de su confianza.<\/p>\n<p>Adem\u00e1s, el d\u00eda de la elecci\u00f3n, las personas con alguna discapacidad, mujeres embarazadas o adultas mayores podr\u00e1n votar sin hacer fila.<br \/>\nSe incentiva la participaci\u00f3n de las personas trans.<\/p>\n<p>Por otra parte, en esta elecci\u00f3n, el INE tambi\u00e9n aplicar\u00e1 el Protocolo para adoptar las medidas tendientes a garantizar a las personas trans el ejercicio del voto en igualdad de condiciones.<\/p>\n<p>En el protocolo se establecen directrices para incentivar la participaci\u00f3n, en su calidad de electorado, de las personas trans (travesti, transg\u00e9nero y transexual).<\/p>\n<p>El documento determina que todas las personas trans que tengan Credencial para Votar vigente y est\u00e9n inscritas en la Lista Nominal de Electores podr\u00e1n ejercer su derecho al voto el d\u00eda de la elecci\u00f3n.<\/p>\n<p>Las y los funcionarios de las Mesas Directivas de Casilla Seccional fueron capacitados para que, en caso de que el aspecto f\u00edsico de la persona electora no sea concordante con la identidad de g\u00e9nero, con la fotograf\u00eda de la Credencial para Votar, el nombre o el sexo, se le permita ejercer el voto.<\/p>\n<p>Adem\u00e1s, se referir\u00e1n a la persona por sus apellidos, no por su nombre y no se har\u00e1 ning\u00fan cuestionamiento sobre su identidad.<\/p>\n","protected":false},"excerpt":{"rendered":"<p>* Se garantizar\u00e1 la participaci\u00f3n efectiva de personas con discapacidad como funcionariado de Casilla Seccional. * El objetivo es incentivar la participaci\u00f3n de las personas trans. Ciudad de M\u00e9xico.- Durante el Proceso Electoral Extraordinario para la elecci\u00f3n de diversos cargos del Poder Judicial de la Federaci\u00f3n (PEEPJF) 2024-2025, el Instituto Nacional Electoral (INE), aplicar\u00e1 medidas [&hellip;]<\/p>\n","protected":false},"author":2476,"featured_media":29030,"comment_status":"open","ping_status":"open","sticky":false,"template":"","format":"standard","meta":{"_jetpack_memberships_contains_paid_content":false,"footnotes":""},"categories":[2],"tags":[],"class_list":["post-65865","post","type-post","status-publish","format-standard","has-post-thumbnail","hentry","category-estado"],"jetpack_featured_media_url":"https:\/\/encuentroinformativo.com.mx\/wp-content\/uploads\/2022\/07\/5608A0CC-D403-4BBD-888F-B064C6432F34.jpeg","jetpack_sharing_enabled":true,"jetpack_likes_enabled":true,"amp_enabled":true,"_links":{"self":[{"href":"https:\/\/encuentroinformativo.com.mx\/index.php?rest_route=\/wp\/v2\/posts\/65865","targetHints":{"allow":["GET"]}}],"collection":[{"href":"https:\/\/encuentroinformativo.com.mx\/index.php?rest_route=\/wp\/v2\/posts"}],"about":[{"href":"https:\/\/encuentroinformativo.com.mx\/index.php?rest_route=\/wp\/v2\/types\/post"}],"author":[{"embeddable":true,"href":"https:\/\/encuentroinformativo.com.mx\/index.php?rest_route=\/wp\/v2\/users\/2476"}],"replies":[{"embeddable":true,"href":"https:\/\/encuentroinformativo.com.mx\/index.php?rest_route=%2Fwp%2Fv2%2Fcomments&post=65865"}],"version-history":[{"count":1,"href":"https:\/\/encuentroinformativo.com.mx\/index.php?rest_route=\/wp\/v2\/posts\/65865\/revisions"}],"predecessor-version":[{"id":65866,"href":"https:\/\/encuentroinformativo.com.mx\/index.php?rest_route=\/wp\/v2\/posts\/65865\/revisions\/65866"}],"wp:featuredmedia":[{"embeddable":true,"href":"https:\/\/encuentroinformativo.com.mx\/index.php?rest_route=\/wp\/v2\/media\/29030"}],"wp:attachment":[{"href":"https:\/\/encuentroinformativo.com.mx\/index.php?rest_route=%2Fwp%2Fv2%2Fmedia&parent=65865"}],"wp:term":[{"taxonomy":"category","embeddable":true,"href":"https:\/\/encuentroinformativo.com.mx\/index.php?rest_route=%2Fwp%2Fv2%2Fcategories&post=65865"},{"taxonomy":"post_tag","embeddable":true,"href":"https:\/\/encuentroinformativo.com.mx\/index.php?rest_route=%2Fwp%2Fv2%2Ftags&post=65865"}],"curies":[{"name":"wp","href":"https:\/\/api.w.org\/{rel}","templated":true}]}}