{"id":65867,"date":"2025-04-13T19:26:39","date_gmt":"2025-04-14T01:26:39","guid":{"rendered":"https:\/\/encuentroinformativo.com.mx\/?p=65867"},"modified":"2025-04-13T19:26:39","modified_gmt":"2025-04-14T01:26:39","slug":"fallece-leonila-vazquez-fundadora-de-las-patronas","status":"publish","type":"post","link":"https:\/\/encuentroinformativo.com.mx\/?p=65867","title":{"rendered":"Fallece Leonila V\u00e1zquez fundadora de Las Patronas"},"content":{"rendered":"<p>Amatl\u00e1n de los Reyes, Ver.- Con profundo pesar, este domingo se dio a conocer el fallecimiento de Leonila V\u00e1zquez Alv\u00edzar, fundadora de Las Patronas, el emblem\u00e1tico grupo de mujeres que desde hace m\u00e1s de 30 a\u00f1os brinda ayuda humanitaria a personas migrantes que cruzan M\u00e9xico a bordo del tren conocido como La Bestia.<\/p>\n<p>\u201cCon mucha tristeza anunciamos el sensible fallecimiento de una gran mujer, nuestra querida Leonila V\u00e1zquez Alv\u00edzar, fundadora de este importante proyecto. Esta ma\u00f1ana su coraz\u00f3n ha dejado de latir, pero su sabidur\u00eda y humanidad ha quedado impregnada en cientos de personas de M\u00e9xico y el mundo\u201d, escribi\u00f3 el colectivo en sus redes sociales.<\/p>\n<p>Originaria de la comunidad La Patrona, en el municipio de Amatl\u00e1n, Leonila fue parte del grupo de mujeres que, desde 1995, comenz\u00f3 a entregar comida y agua a los migrantes en tr\u00e1nsito por el estado de Veracruz. Lo que inici\u00f3 como un gesto solidario cotidiano se convirti\u00f3 con los a\u00f1os en un s\u00edmbolo de humanidad frente a las pol\u00edticas migratorias y la violencia que enfrentan quienes atraviesan el pa\u00eds rumbo a Estados Unidos.<\/p>\n<p>\u201cNos duele su partida, pero su misi\u00f3n en esta tierra ha sido cumplida. Hoy la entregamos a Dios y a la Virgen de Guadalupe para que la reciban con alegr\u00eda en el para\u00edso. Gracias por tanto, Leonila. Hasta siempre\u201d, a\u00f1adieron sus compa\u00f1eras.<\/p>\n<p>El trabajo de Las Patronas ha sido reconocido nacional e internacionalmente con premios como el Nacional de Derechos Humanos en 2013 y el Premio Nacional de Acci\u00f3n Voluntaria y Solidaria. Leonila V\u00e1zquez fue una mujer profundamente espiritual, comprometida con su comunidad y con la dignidad de los m\u00e1s vulnerables.<\/p>\n<p><img loading=\"lazy\" decoding=\"async\" class=\"alignnone size-medium wp-image-65868\" src=\"https:\/\/encuentroinformativo.com.mx\/wp-content\/uploads\/2025\/04\/IMG-20250413-WA0202-240x300.jpg\" alt=\"\" width=\"240\" height=\"300\" srcset=\"https:\/\/encuentroinformativo.com.mx\/wp-content\/uploads\/2025\/04\/IMG-20250413-WA0202-240x300.jpg 240w, https:\/\/encuentroinformativo.com.mx\/wp-content\/uploads\/2025\/04\/IMG-20250413-WA0202-819x1024.jpg 819w, https:\/\/encuentroinformativo.com.mx\/wp-content\/uploads\/2025\/04\/IMG-20250413-WA0202-768x960.jpg 768w, https:\/\/encuentroinformativo.com.mx\/wp-content\/uploads\/2025\/04\/IMG-20250413-WA0202.jpg 864w\" sizes=\"auto, (max-width: 240px) 100vw, 240px\" \/><\/p>\n","protected":false},"excerpt":{"rendered":"<p>Amatl\u00e1n de los Reyes, Ver.- Con profundo pesar, este domingo se dio a conocer el fallecimiento de Leonila V\u00e1zquez Alv\u00edzar, fundadora de Las Patronas, el emblem\u00e1tico grupo de mujeres que desde hace m\u00e1s de 30 a\u00f1os brinda ayuda humanitaria a personas migrantes que cruzan M\u00e9xico a bordo del tren conocido como La Bestia. \u201cCon mucha [&hellip;]<\/p>\n","protected":false},"author":2476,"featured_media":65871,"comment_status":"open","ping_status":"open","sticky":false,"template":"","format":"standard","meta":{"_jetpack_memberships_contains_paid_content":false,"footnotes":""},"categories":[2],"tags":[],"class_list":["post-65867","post","type-post","status-publish","format-standard","has-post-thumbnail","hentry","category-estado"],"jetpack_featured_media_url":"https:\/\/encuentroinformativo.com.mx\/wp-content\/uploads\/2025\/04\/IMG-20250413-WA02022.jpg","jetpack_sharing_enabled":true,"jetpack_likes_enabled":true,"amp_enabled":true,"_links":{"self":[{"href":"https:\/\/encuentroinformativo.com.mx\/index.php?rest_route=\/wp\/v2\/posts\/65867","targetHints":{"allow":["GET"]}}],"collection":[{"href":"https:\/\/encuentroinformativo.com.mx\/index.php?rest_route=\/wp\/v2\/posts"}],"about":[{"href":"https:\/\/encuentroinformativo.com.mx\/index.php?rest_route=\/wp\/v2\/types\/post"}],"author":[{"embeddable":true,"href":"https:\/\/encuentroinformativo.com.mx\/index.php?rest_route=\/wp\/v2\/users\/2476"}],"replies":[{"embeddable":true,"href":"https:\/\/encuentroinformativo.com.mx\/index.php?rest_route=%2Fwp%2Fv2%2Fcomments&post=65867"}],"version-history":[{"count":2,"href":"https:\/\/encuentroinformativo.com.mx\/index.php?rest_route=\/wp\/v2\/posts\/65867\/revisions"}],"predecessor-version":[{"id":65872,"href":"https:\/\/encuentroinformativo.com.mx\/index.php?rest_route=\/wp\/v2\/posts\/65867\/revisions\/65872"}],"wp:featuredmedia":[{"embeddable":true,"href":"https:\/\/encuentroinformativo.com.mx\/index.php?rest_route=\/wp\/v2\/media\/65871"}],"wp:attachment":[{"href":"https:\/\/encuentroinformativo.com.mx\/index.php?rest_route=%2Fwp%2Fv2%2Fmedia&parent=65867"}],"wp:term":[{"taxonomy":"category","embeddable":true,"href":"https:\/\/encuentroinformativo.com.mx\/index.php?rest_route=%2Fwp%2Fv2%2Fcategories&post=65867"},{"taxonomy":"post_tag","embeddable":true,"href":"https:\/\/encuentroinformativo.com.mx\/index.php?rest_route=%2Fwp%2Fv2%2Ftags&post=65867"}],"curies":[{"name":"wp","href":"https:\/\/api.w.org\/{rel}","templated":true}]}}