{"id":65874,"date":"2025-04-14T09:18:15","date_gmt":"2025-04-14T15:18:15","guid":{"rendered":"https:\/\/encuentroinformativo.com.mx\/?p=65874"},"modified":"2025-04-14T09:18:15","modified_gmt":"2025-04-14T15:18:15","slug":"rescatan-a-19-personas-privadas-de-su-libertad-en-reynosa","status":"publish","type":"post","link":"https:\/\/encuentroinformativo.com.mx\/?p=65874","title":{"rendered":"Rescatan a 19 Personas Privadas de su Libertad en Reynosa"},"content":{"rendered":"<p><strong>Jos\u00e9 Vargas<\/strong><\/p>\n<p>Reynosa, Tamaulipas.- Durante un operativo de seguridad ejecutado la noche del s\u00e1bado en la colonia Balcones de Alcal\u00e1, autoridades lograron el rescate de 20 personas que permanec\u00edan privadas de su libertad, entre ellas dos menores de edad y dos adultos que se encuentran hospitalizados por lesiones.<\/p>\n<p>El colectivo Desaparecidos en Tamaulipas &#8211; Colectivo Amor dio a conocer la lista de personas liberadas, en la que destaca un ciudadano originario del sur de Veracruz.<\/p>\n<p>Se trata de \u00c1ngel Solano Asebedo, de 39 a\u00f1os, originario de Acayucan, Veracruz, quien figura entre las v\u00edctimas rescatadas. Su caso ha llamado la atenci\u00f3n por provenir de una zona geogr\u00e1fica distante a los focos m\u00e1s activos de desapariciones en Tamaulipas, evidenciando el alcance de estas redes delictivas que afectan a personas de diversas regiones del pa\u00eds.<\/p>\n<p>Adem\u00e1s de Solano Asebedo, se identific\u00f3 a personas oriundas de Reynosa, R\u00edo Bravo, Tampico, Chiapas, Guerrero y Jalisco. Entre los rescatados se encuentran tambi\u00e9n dos personas reportadas como policontundidas: \u00d3scar Espinosa Polanco (31 a\u00f1os, Chiapas) y Ricardo Enrique L\u00f3pez Adriano (64 a\u00f1os, Reynosa).<\/p>\n<p>La lista difundida por el colectivo incluye a 19 personas y se ha invitado a familiares y conocidos a comunicarse mediante mensaje privado en caso de reconocer alg\u00fan nombre, como parte de los esfuerzos para reunir a las v\u00edctimas con sus seres queridos.<\/p>\n<p>Este rescate forma parte de una serie de operativos que se han intensificado ante la creciente ola de desapariciones y secuestros en la regi\u00f3n. Aunque hasta el momento no se han reportado detenciones, las autoridades han abierto una carpeta de investigaci\u00f3n para esclarecer los hechos y dar con los responsables.<\/p>\n<p>El colectivo Desaparecidos en Tamaulipas reiter\u00f3 su llamado a la sociedad para seguir difundiendo la informaci\u00f3n y mantenerse vigilante ante cualquier dato que pueda ayudar a esclarecer m\u00e1s casos.<\/p>\n","protected":false},"excerpt":{"rendered":"<p>Jos\u00e9 Vargas Reynosa, Tamaulipas.- Durante un operativo de seguridad ejecutado la noche del s\u00e1bado en la colonia Balcones de Alcal\u00e1, autoridades lograron el rescate de 20 personas que permanec\u00edan privadas de su libertad, entre ellas dos menores de edad y dos adultos que se encuentran hospitalizados por lesiones. El colectivo Desaparecidos en Tamaulipas &#8211; Colectivo [&hellip;]<\/p>\n","protected":false},"author":2476,"featured_media":65875,"comment_status":"open","ping_status":"open","sticky":false,"template":"","format":"standard","meta":{"_jetpack_memberships_contains_paid_content":false,"footnotes":""},"categories":[14],"tags":[],"class_list":["post-65874","post","type-post","status-publish","format-standard","has-post-thumbnail","hentry","category-policiaca"],"jetpack_featured_media_url":"https:\/\/encuentroinformativo.com.mx\/wp-content\/uploads\/2025\/04\/IMG-20250414-WA00142.jpg","jetpack_sharing_enabled":true,"jetpack_likes_enabled":true,"amp_enabled":true,"_links":{"self":[{"href":"https:\/\/encuentroinformativo.com.mx\/index.php?rest_route=\/wp\/v2\/posts\/65874","targetHints":{"allow":["GET"]}}],"collection":[{"href":"https:\/\/encuentroinformativo.com.mx\/index.php?rest_route=\/wp\/v2\/posts"}],"about":[{"href":"https:\/\/encuentroinformativo.com.mx\/index.php?rest_route=\/wp\/v2\/types\/post"}],"author":[{"embeddable":true,"href":"https:\/\/encuentroinformativo.com.mx\/index.php?rest_route=\/wp\/v2\/users\/2476"}],"replies":[{"embeddable":true,"href":"https:\/\/encuentroinformativo.com.mx\/index.php?rest_route=%2Fwp%2Fv2%2Fcomments&post=65874"}],"version-history":[{"count":1,"href":"https:\/\/encuentroinformativo.com.mx\/index.php?rest_route=\/wp\/v2\/posts\/65874\/revisions"}],"predecessor-version":[{"id":65876,"href":"https:\/\/encuentroinformativo.com.mx\/index.php?rest_route=\/wp\/v2\/posts\/65874\/revisions\/65876"}],"wp:featuredmedia":[{"embeddable":true,"href":"https:\/\/encuentroinformativo.com.mx\/index.php?rest_route=\/wp\/v2\/media\/65875"}],"wp:attachment":[{"href":"https:\/\/encuentroinformativo.com.mx\/index.php?rest_route=%2Fwp%2Fv2%2Fmedia&parent=65874"}],"wp:term":[{"taxonomy":"category","embeddable":true,"href":"https:\/\/encuentroinformativo.com.mx\/index.php?rest_route=%2Fwp%2Fv2%2Fcategories&post=65874"},{"taxonomy":"post_tag","embeddable":true,"href":"https:\/\/encuentroinformativo.com.mx\/index.php?rest_route=%2Fwp%2Fv2%2Ftags&post=65874"}],"curies":[{"name":"wp","href":"https:\/\/api.w.org\/{rel}","templated":true}]}}