{"id":65883,"date":"2025-04-14T12:41:56","date_gmt":"2025-04-14T18:41:56","guid":{"rendered":"https:\/\/encuentroinformativo.com.mx\/?p=65883"},"modified":"2025-04-14T12:41:56","modified_gmt":"2025-04-14T18:41:56","slug":"rechazan-transportistas-servicio-de-taxis-por-aplicaciones","status":"publish","type":"post","link":"https:\/\/encuentroinformativo.com.mx\/?p=65883","title":{"rendered":"Rechazan transportistas servicio de taxis por aplicaciones"},"content":{"rendered":"<p><strong>Dar\u00edo Pale<\/strong><\/p>\n<p>Xalapa, Ver.- El secretario regional del Movimiento Nacional Transportista (MNT), \u00c1ngel Vega pidi\u00f3 la intervenci\u00f3n de la gobernadora Roc\u00edo Nahle Garc\u00eda ya que est\u00e1n en contra de los servicios que se prestan a trav\u00e9s de las diferentes aplicaciones.<\/p>\n<p>En conferencia de prensa se pronunciaron en contra del servicio que a trav\u00e9s de las aplicaciones UBER, DIDI e inDriver prestan veh\u00edculos particulares para el transporte en Xalapa.<\/p>\n<p>Aseguran que es una competencia \u201cdesleal\u201d porque pueden cobrar m\u00e1s como tarifa, por lo que pidieron la intervenci\u00f3n de la gobernadora Roc\u00edo Nahle Garc\u00eda.<\/p>\n<p>\u201cEs una competencia desleal porque nosotros como transportistas pagamos una p\u00f3liza de seguro, pagamos nuestros impuestos, tenemos un derecho de concesi\u00f3n y desafortunadamente, las tarifas que ellos tienen, unas son muy altas, otras son muy bajitas y lamentablemente a nosotros como taxistas nos afecta\u201d, se\u00f1al\u00f3.<\/p>\n<p>Aseguran que actualmente hay entre 2 mil 300 y 2 mil 500 veh\u00edculos particulares que dan este servicio s\u00f3lo en Xalapa. \u201cEs m\u00e1s o menos lo que nosotros hemos tratado de examinar porque nos metemos en las aplicaciones, vemos como usuarios cu\u00e1ntas unidades hay. Tenemos fotos, n\u00famero de placas y pues desgraciadamente no podemos hacer algo\u201d.<\/p>\n<p>Los taxistas locales acusan que esta competencia les ha afectado hasta en un 80 por ciento con la disminuci\u00f3n de servicios, es decir, les ha bajado el trabajo en dicho porcentaje.<\/p>\n<p>Por \u00faltimo de igual forma pidieron que la Direcci\u00f3n de Transporte P\u00fablico reajuste las tarifas del servicio de taxi en la capital.<\/p>\n","protected":false},"excerpt":{"rendered":"<p>Dar\u00edo Pale Xalapa, Ver.- El secretario regional del Movimiento Nacional Transportista (MNT), \u00c1ngel Vega pidi\u00f3 la intervenci\u00f3n de la gobernadora Roc\u00edo Nahle Garc\u00eda ya que est\u00e1n en contra de los servicios que se prestan a trav\u00e9s de las diferentes aplicaciones. En conferencia de prensa se pronunciaron en contra del servicio que a trav\u00e9s de las [&hellip;]<\/p>\n","protected":false},"author":2476,"featured_media":65884,"comment_status":"open","ping_status":"open","sticky":false,"template":"","format":"standard","meta":{"_jetpack_memberships_contains_paid_content":false,"footnotes":""},"categories":[3],"tags":[],"class_list":["post-65883","post","type-post","status-publish","format-standard","has-post-thumbnail","hentry","category-xalapa"],"jetpack_featured_media_url":"https:\/\/encuentroinformativo.com.mx\/wp-content\/uploads\/2025\/04\/IMG-20250414-WA0129.jpg","jetpack_sharing_enabled":true,"jetpack_likes_enabled":true,"amp_enabled":true,"_links":{"self":[{"href":"https:\/\/encuentroinformativo.com.mx\/index.php?rest_route=\/wp\/v2\/posts\/65883","targetHints":{"allow":["GET"]}}],"collection":[{"href":"https:\/\/encuentroinformativo.com.mx\/index.php?rest_route=\/wp\/v2\/posts"}],"about":[{"href":"https:\/\/encuentroinformativo.com.mx\/index.php?rest_route=\/wp\/v2\/types\/post"}],"author":[{"embeddable":true,"href":"https:\/\/encuentroinformativo.com.mx\/index.php?rest_route=\/wp\/v2\/users\/2476"}],"replies":[{"embeddable":true,"href":"https:\/\/encuentroinformativo.com.mx\/index.php?rest_route=%2Fwp%2Fv2%2Fcomments&post=65883"}],"version-history":[{"count":1,"href":"https:\/\/encuentroinformativo.com.mx\/index.php?rest_route=\/wp\/v2\/posts\/65883\/revisions"}],"predecessor-version":[{"id":65885,"href":"https:\/\/encuentroinformativo.com.mx\/index.php?rest_route=\/wp\/v2\/posts\/65883\/revisions\/65885"}],"wp:featuredmedia":[{"embeddable":true,"href":"https:\/\/encuentroinformativo.com.mx\/index.php?rest_route=\/wp\/v2\/media\/65884"}],"wp:attachment":[{"href":"https:\/\/encuentroinformativo.com.mx\/index.php?rest_route=%2Fwp%2Fv2%2Fmedia&parent=65883"}],"wp:term":[{"taxonomy":"category","embeddable":true,"href":"https:\/\/encuentroinformativo.com.mx\/index.php?rest_route=%2Fwp%2Fv2%2Fcategories&post=65883"},{"taxonomy":"post_tag","embeddable":true,"href":"https:\/\/encuentroinformativo.com.mx\/index.php?rest_route=%2Fwp%2Fv2%2Ftags&post=65883"}],"curies":[{"name":"wp","href":"https:\/\/api.w.org\/{rel}","templated":true}]}}