{"id":65886,"date":"2025-04-14T12:49:31","date_gmt":"2025-04-14T18:49:31","guid":{"rendered":"https:\/\/encuentroinformativo.com.mx\/?p=65886"},"modified":"2025-04-14T12:49:31","modified_gmt":"2025-04-14T18:49:31","slug":"por-veda-electoral-se-suspenden-audiencias-ciudadanas-alcalde","status":"publish","type":"post","link":"https:\/\/encuentroinformativo.com.mx\/?p=65886","title":{"rendered":"Por veda electoral, se suspenden audiencias ciudadanas: Alcalde"},"content":{"rendered":"<p><strong>Dar\u00edo Pale<\/strong><\/p>\n<p>Xalapa, Ver.- El presidente municipal de Xalapa, Alberto Islas Reyes dio a conocer que por periodo electoral se suspenden audiencias ciudadanas, se retomar\u00e1n despu\u00e9s del 1 de junio.<\/p>\n<p>Ante la proximidad del proceso electoral, el presidente municipal inform\u00f3 que las audiencias ciudadanas de los lunes han sido suspendidas temporalmente como medida responsable y en acat\u00f3 a la ley electoral.<\/p>\n<p>Aunque la veda gubernamental inicia oficialmente el 29 de abril se busca, dijo, evitar interpretaciones pol\u00edticas err\u00f3neas con este ejercicio de cercan\u00eda a la poblaci\u00f3n.<\/p>\n<p>\u201cSe nos atraviesa la veda electoral, despu\u00e9s de que termine la veda valoramos de nueva cuenta\u201d, se\u00f1al\u00f3.<\/p>\n<p>En ese sentido, enfatiz\u00f3 que el trabajo de atenci\u00f3n ciudadana no se ha detenido.<\/p>\n<p>Destac\u00f3 que, pese a la suspensi\u00f3n de estos ejercicios p\u00fablicos, el Ayuntamiento continuar\u00e1 gestionando solicitudes y atendiendo a la poblaci\u00f3n.<\/p>\n<p>\u201cTodos los d\u00edas estamos aqu\u00ed para recibir a quienes lo necesiten\u201d, afirm\u00f3.<\/p>\n<p>Finalmente, reiter\u00f3 que la atenci\u00f3n a la poblaci\u00f3n se mantendr\u00e1 activa solo que no ser\u00e1 difundida durante estas semanas \u201cy evitar as\u00ed que otros entes pol\u00edticos digan que estamos haciendo alguna gesti\u00f3n en contra o diferenciada\u201d.<\/p>\n","protected":false},"excerpt":{"rendered":"<p>Dar\u00edo Pale Xalapa, Ver.- El presidente municipal de Xalapa, Alberto Islas Reyes dio a conocer que por periodo electoral se suspenden audiencias ciudadanas, se retomar\u00e1n despu\u00e9s del 1 de junio. Ante la proximidad del proceso electoral, el presidente municipal inform\u00f3 que las audiencias ciudadanas de los lunes han sido suspendidas temporalmente como medida responsable y [&hellip;]<\/p>\n","protected":false},"author":2476,"featured_media":65887,"comment_status":"open","ping_status":"open","sticky":false,"template":"","format":"standard","meta":{"_jetpack_memberships_contains_paid_content":false,"footnotes":""},"categories":[3],"tags":[],"class_list":["post-65886","post","type-post","status-publish","format-standard","has-post-thumbnail","hentry","category-xalapa"],"jetpack_featured_media_url":"https:\/\/encuentroinformativo.com.mx\/wp-content\/uploads\/2025\/04\/IMG-20250414-WA0144.jpg","jetpack_sharing_enabled":true,"jetpack_likes_enabled":true,"amp_enabled":true,"_links":{"self":[{"href":"https:\/\/encuentroinformativo.com.mx\/index.php?rest_route=\/wp\/v2\/posts\/65886","targetHints":{"allow":["GET"]}}],"collection":[{"href":"https:\/\/encuentroinformativo.com.mx\/index.php?rest_route=\/wp\/v2\/posts"}],"about":[{"href":"https:\/\/encuentroinformativo.com.mx\/index.php?rest_route=\/wp\/v2\/types\/post"}],"author":[{"embeddable":true,"href":"https:\/\/encuentroinformativo.com.mx\/index.php?rest_route=\/wp\/v2\/users\/2476"}],"replies":[{"embeddable":true,"href":"https:\/\/encuentroinformativo.com.mx\/index.php?rest_route=%2Fwp%2Fv2%2Fcomments&post=65886"}],"version-history":[{"count":1,"href":"https:\/\/encuentroinformativo.com.mx\/index.php?rest_route=\/wp\/v2\/posts\/65886\/revisions"}],"predecessor-version":[{"id":65888,"href":"https:\/\/encuentroinformativo.com.mx\/index.php?rest_route=\/wp\/v2\/posts\/65886\/revisions\/65888"}],"wp:featuredmedia":[{"embeddable":true,"href":"https:\/\/encuentroinformativo.com.mx\/index.php?rest_route=\/wp\/v2\/media\/65887"}],"wp:attachment":[{"href":"https:\/\/encuentroinformativo.com.mx\/index.php?rest_route=%2Fwp%2Fv2%2Fmedia&parent=65886"}],"wp:term":[{"taxonomy":"category","embeddable":true,"href":"https:\/\/encuentroinformativo.com.mx\/index.php?rest_route=%2Fwp%2Fv2%2Fcategories&post=65886"},{"taxonomy":"post_tag","embeddable":true,"href":"https:\/\/encuentroinformativo.com.mx\/index.php?rest_route=%2Fwp%2Fv2%2Ftags&post=65886"}],"curies":[{"name":"wp","href":"https:\/\/api.w.org\/{rel}","templated":true}]}}