{"id":65910,"date":"2025-04-14T16:12:28","date_gmt":"2025-04-14T22:12:28","guid":{"rendered":"https:\/\/encuentroinformativo.com.mx\/?p=65910"},"modified":"2025-04-14T16:12:28","modified_gmt":"2025-04-14T22:12:28","slug":"enfrenta-veracruz-considerable-rezago-educativo","status":"publish","type":"post","link":"https:\/\/encuentroinformativo.com.mx\/?p=65910","title":{"rendered":"Enfrenta Veracruz considerable rezago educativo"},"content":{"rendered":"<p><strong>Dar\u00edo Pale<\/strong><\/p>\n<p>Xalapa, Ver.- La Gobernadora Roc\u00edo Nahle Garc\u00eda dio a conocer que Veracruz tiene el primer lugar en analfabetismo, el n\u00famero dos en rezago educativo, pero somos el n\u00famero uno en n\u00f3mina de maestros, algo deben de estar haciendo mal.<\/p>\n<p>En conferencia de prensa reconoci\u00f3 que, \u201ctenemos el n\u00famero uno en analfabetismo, el n\u00famero dos de rezago educativo, pero somos el primero, el n\u00famero uno en n\u00f3mina de maestros, entonces algo estamos haciendo mal\u201d.<\/p>\n<p>\u201cHay maestros que cobran o personas que cobran y nadie las ha visto, nunca y decimos, bueno, pues \u00bfd\u00f3nde est\u00e1n? Entonces estamos ubicando uno a uno y eso no se puede hacer sin el apoyo de los maestros y el apoyo de los sindicatos\u201d, se\u00f1al\u00f3.<\/p>\n<p>Admiti\u00f3 que se trata de un problema estructural profundo pues la falta de docentes en algunos planteles no obedece a una escasez de recursos, sino a una mala distribuci\u00f3n del personal y a una administraci\u00f3n ineficiente del sistema educativo estatal.<\/p>\n<p>\u201cC\u00f3mo es que nos faltan los maestros si tenemos la n\u00f3mina m\u00e1s grande de todo el estado, por eso es que la n\u00f3mina \u00fanica nos va a servir much\u00edsimo, ubicar d\u00f3nde est\u00e1 cada maestro\u201d,<\/p>\n<p>Asegur\u00f3 que su Gobierno trabaja en reorganizar las plantillas docentes, con el respaldo de los propios profesores y los sindicatos. Destac\u00f3 que desde hace varios meses encabeza reuniones semanales con directores de escuelas, a quienes escucha directamente para conocer las problem\u00e1ticas en cada instituci\u00f3n. Calific\u00f3 estos encuentros como \u201coro molido\u201d, al permitirle tomar decisiones concretas y operativas.<\/p>\n<p>\u201cTenemos muchos maestros, pero siguen faltando en escuelas espec\u00edficas. Vamos a revisar, escuela por escuela, con el acompa\u00f1amiento de los sindicatos y la Secretar\u00eda de Educaci\u00f3n\u201d, coment\u00f3.<\/p>\n<p>Por lo anterior se est\u00e1 trabajando en la implementaci\u00f3n de una n\u00f3mina \u00fanica y digital, con la cual se busca transparentar las plazas, detectar irregularidades y dar certeza laboral a los trabajadores.<\/p>\n<p>En otro orden de ideas dio a conocer que recientemente realizaron un operativo para detener a elementos de la Secretar\u00eda de Seguridad P\u00fablica (SSP), los cuales extorsionaban a los ciudadanos.<\/p>\n<p>El modus operandi de acuerdo a lo que se\u00f1al\u00f3 la mandataria era que los propios elementos llevaban a sus v\u00edctimas a los cajeros autom\u00e1ticos para pedirles dinero.<\/p>\n<p>Finalmente dio a conocer que los malos elementos polic\u00edacos ya fueron detenidos y separados de su cargo y actualmente est\u00e1n enfrentando un proceso.<\/p>\n","protected":false},"excerpt":{"rendered":"<p>Dar\u00edo Pale Xalapa, Ver.- La Gobernadora Roc\u00edo Nahle Garc\u00eda dio a conocer que Veracruz tiene el primer lugar en analfabetismo, el n\u00famero dos en rezago educativo, pero somos el n\u00famero uno en n\u00f3mina de maestros, algo deben de estar haciendo mal. En conferencia de prensa reconoci\u00f3 que, \u201ctenemos el n\u00famero uno en analfabetismo, el n\u00famero [&hellip;]<\/p>\n","protected":false},"author":2476,"featured_media":65912,"comment_status":"open","ping_status":"open","sticky":false,"template":"","format":"standard","meta":{"_jetpack_memberships_contains_paid_content":false,"footnotes":""},"categories":[2],"tags":[],"class_list":["post-65910","post","type-post","status-publish","format-standard","has-post-thumbnail","hentry","category-estado"],"jetpack_featured_media_url":"https:\/\/encuentroinformativo.com.mx\/wp-content\/uploads\/2025\/04\/IMG-20250414-WA02662.jpg","jetpack_sharing_enabled":true,"jetpack_likes_enabled":true,"amp_enabled":true,"_links":{"self":[{"href":"https:\/\/encuentroinformativo.com.mx\/index.php?rest_route=\/wp\/v2\/posts\/65910","targetHints":{"allow":["GET"]}}],"collection":[{"href":"https:\/\/encuentroinformativo.com.mx\/index.php?rest_route=\/wp\/v2\/posts"}],"about":[{"href":"https:\/\/encuentroinformativo.com.mx\/index.php?rest_route=\/wp\/v2\/types\/post"}],"author":[{"embeddable":true,"href":"https:\/\/encuentroinformativo.com.mx\/index.php?rest_route=\/wp\/v2\/users\/2476"}],"replies":[{"embeddable":true,"href":"https:\/\/encuentroinformativo.com.mx\/index.php?rest_route=%2Fwp%2Fv2%2Fcomments&post=65910"}],"version-history":[{"count":1,"href":"https:\/\/encuentroinformativo.com.mx\/index.php?rest_route=\/wp\/v2\/posts\/65910\/revisions"}],"predecessor-version":[{"id":65913,"href":"https:\/\/encuentroinformativo.com.mx\/index.php?rest_route=\/wp\/v2\/posts\/65910\/revisions\/65913"}],"wp:featuredmedia":[{"embeddable":true,"href":"https:\/\/encuentroinformativo.com.mx\/index.php?rest_route=\/wp\/v2\/media\/65912"}],"wp:attachment":[{"href":"https:\/\/encuentroinformativo.com.mx\/index.php?rest_route=%2Fwp%2Fv2%2Fmedia&parent=65910"}],"wp:term":[{"taxonomy":"category","embeddable":true,"href":"https:\/\/encuentroinformativo.com.mx\/index.php?rest_route=%2Fwp%2Fv2%2Fcategories&post=65910"},{"taxonomy":"post_tag","embeddable":true,"href":"https:\/\/encuentroinformativo.com.mx\/index.php?rest_route=%2Fwp%2Fv2%2Ftags&post=65910"}],"curies":[{"name":"wp","href":"https:\/\/api.w.org\/{rel}","templated":true}]}}