{"id":65925,"date":"2025-04-15T11:51:28","date_gmt":"2025-04-15T17:51:28","guid":{"rendered":"https:\/\/encuentroinformativo.com.mx\/?p=65925"},"modified":"2025-04-15T11:51:28","modified_gmt":"2025-04-15T17:51:28","slug":"aumenta-cierre-de-negocios-en-minatitlan","status":"publish","type":"post","link":"https:\/\/encuentroinformativo.com.mx\/?p=65925","title":{"rendered":"Aumenta cierre de negocios en Minatitl\u00e1n\u00a0"},"content":{"rendered":"<p><strong>Jos\u00e9 Vargas<\/strong><\/p>\n<p>Minatitl\u00e1n, Ver.- La inseguridad sigue cobrando factura al sector comercial en el municipio de Minatitl\u00e1n, donde cada vez m\u00e1s negocios se ven obligados a cerrar sus puertas ante las amenazas y extorsiones por parte del crimen organizado, lo que ha encendido las alarmas entre comerciantes y ciudadanos.<\/p>\n<p>En las \u00faltimas 72 horas, dos nuevos casos se han sumado a la preocupante lista de cierres. La tortiller\u00eda \u201cYamilett\u201d anunci\u00f3 su cese de operaciones luego de que sus propietarios revelaran haber sido v\u00edctimas constantes de extorsi\u00f3n.<\/p>\n<p>Seg\u00fan informaron, los delincuentes les exig\u00edan pagos mensuales de hasta 15 mil pesos para permitirles seguir trabajando.<\/p>\n<p>En un giro similar, el establecimiento de comida \u201cLos Parrilleros\u201d decidi\u00f3 tambi\u00e9n cerrar sus puertas al p\u00fablico. Aunque continuar\u00e1n operando \u00fanicamente a trav\u00e9s del servicio a domicilio, el cambio representa un duro golpe a su econom\u00eda y a la vida comercial del municipio.<\/p>\n<p>Estos cierres no son casos aislados. Se suman a una creciente ola de negocios que han cesado operaciones en las \u00faltimas semanas, todos bajo la misma causa: la imposici\u00f3n del denominado \u201ccobro de piso\u201d.<\/p>\n<p>Comerciantes se\u00f1alan que la falta de una respuesta efectiva por parte de las autoridades ha permitido que las organizaciones criminales operen con total impunidad, creando un clima de miedo y desesperanza.<\/p>\n<p>Vecinos y empresarios coinciden en que la situaci\u00f3n ha llegado a un punto cr\u00edtico. \u201cParece que la delincuencia ya rebas\u00f3 a las autoridades. No hay garant\u00edas para trabajar, y el silencio se vuelve una forma de protecci\u00f3n\u201d, expres\u00f3 un comerciante que prefiri\u00f3 mantenerse en el anonimato por temor a represalias.<\/p>\n<p>Mientras tanto, la ciudadan\u00eda espera acciones concretas que devuelvan la tranquilidad a las calles de Minatitl\u00e1n y frenen el \u00e9xodo de comercios que mantienen viva la econom\u00eda local<\/p>\n","protected":false},"excerpt":{"rendered":"<p>Jos\u00e9 Vargas Minatitl\u00e1n, Ver.- La inseguridad sigue cobrando factura al sector comercial en el municipio de Minatitl\u00e1n, donde cada vez m\u00e1s negocios se ven obligados a cerrar sus puertas ante las amenazas y extorsiones por parte del crimen organizado, lo que ha encendido las alarmas entre comerciantes y ciudadanos. En las \u00faltimas 72 horas, dos [&hellip;]<\/p>\n","protected":false},"author":2476,"featured_media":65926,"comment_status":"open","ping_status":"open","sticky":false,"template":"","format":"standard","meta":{"_jetpack_memberships_contains_paid_content":false,"footnotes":""},"categories":[2],"tags":[],"class_list":["post-65925","post","type-post","status-publish","format-standard","has-post-thumbnail","hentry","category-estado"],"jetpack_featured_media_url":"https:\/\/encuentroinformativo.com.mx\/wp-content\/uploads\/2025\/04\/IMG-20250415-WA0003.jpg","jetpack_sharing_enabled":true,"jetpack_likes_enabled":true,"amp_enabled":true,"_links":{"self":[{"href":"https:\/\/encuentroinformativo.com.mx\/index.php?rest_route=\/wp\/v2\/posts\/65925","targetHints":{"allow":["GET"]}}],"collection":[{"href":"https:\/\/encuentroinformativo.com.mx\/index.php?rest_route=\/wp\/v2\/posts"}],"about":[{"href":"https:\/\/encuentroinformativo.com.mx\/index.php?rest_route=\/wp\/v2\/types\/post"}],"author":[{"embeddable":true,"href":"https:\/\/encuentroinformativo.com.mx\/index.php?rest_route=\/wp\/v2\/users\/2476"}],"replies":[{"embeddable":true,"href":"https:\/\/encuentroinformativo.com.mx\/index.php?rest_route=%2Fwp%2Fv2%2Fcomments&post=65925"}],"version-history":[{"count":1,"href":"https:\/\/encuentroinformativo.com.mx\/index.php?rest_route=\/wp\/v2\/posts\/65925\/revisions"}],"predecessor-version":[{"id":65927,"href":"https:\/\/encuentroinformativo.com.mx\/index.php?rest_route=\/wp\/v2\/posts\/65925\/revisions\/65927"}],"wp:featuredmedia":[{"embeddable":true,"href":"https:\/\/encuentroinformativo.com.mx\/index.php?rest_route=\/wp\/v2\/media\/65926"}],"wp:attachment":[{"href":"https:\/\/encuentroinformativo.com.mx\/index.php?rest_route=%2Fwp%2Fv2%2Fmedia&parent=65925"}],"wp:term":[{"taxonomy":"category","embeddable":true,"href":"https:\/\/encuentroinformativo.com.mx\/index.php?rest_route=%2Fwp%2Fv2%2Fcategories&post=65925"},{"taxonomy":"post_tag","embeddable":true,"href":"https:\/\/encuentroinformativo.com.mx\/index.php?rest_route=%2Fwp%2Fv2%2Ftags&post=65925"}],"curies":[{"name":"wp","href":"https:\/\/api.w.org\/{rel}","templated":true}]}}