{"id":6593,"date":"2020-10-06T16:03:18","date_gmt":"2020-10-06T21:03:18","guid":{"rendered":"https:\/\/encuentroinformativo.com.mx\/?p=6593"},"modified":"2020-10-06T16:03:22","modified_gmt":"2020-10-06T21:03:22","slug":"aprueba-cabildo-de-veracruz-reestructuracion-de-deuda-por-bursatilizacion","status":"publish","type":"post","link":"https:\/\/encuentroinformativo.com.mx\/?p=6593","title":{"rendered":"Aprueba Cabildo de Veracruz reestructuraci\u00f3n de deuda por bursatilizaci\u00f3n"},"content":{"rendered":"\n<p><strong>Alejandro \u00c1vila<\/strong><\/p>\n\n\n\n<p>Veracruz, Ver.- El presidente municipal Fernando Yunes M\u00e1rquez, coment\u00f3 que en sesi\u00f3n de Cabildo realizada este martes se autoriz\u00f3 por mayor\u00eda la reestructuraci\u00f3n de la deuda por bursatilizaci\u00f3n, tal como lo promovi\u00f3 el secretario de Finanzas, Jos\u00e9 Luis Lima Franco hace unos d\u00edas, y que deben autorizar los Cabildos inmiscuidos en el tema.<\/p>\n\n\n\n<p>Detall\u00f3 que con la reestructuraci\u00f3n se pagar\u00e1 una tasa m\u00e1s baja, adem\u00e1s de que se podr\u00e1 tener claridad de cuanto en realidad se est\u00e1 pagando, y con ello podr\u00e1n liberar cerca del 30 por ciento de los recursos que mensualmente se retienen (al municipio de Veracruz le retienen cerca de 4 millones de pesos al mes); es decir, 7.5 por ciento de las participaciones federales.<\/p>\n\n\n\n<p>\u201cEsperemos que ma\u00f1ana tengamos ya el acta para poderla firmar y enviarla a la Secretar\u00eda de Finanzas (\u2026) el monto original, te dir\u00eda desde el a\u00f1o 2008, era de 121 millones de pesos y hoy es de 141 millones de pesos, entonces es incre\u00edble que 12 a\u00f1os despu\u00e9s en lugar de que haya disminuido el monto haya ido creciendo\u201d, culmin\u00f3.<\/p>\n\n\n\n<p>Si bien el nuevo plazo se aumenta de 15 a 25 a\u00f1os, el edil panista expuso que ahora habr\u00e1 una condici\u00f3n mucho m\u00e1s equitativa, la cual tambi\u00e9n permite que se pague a capital y se vaya disminuyendo la deuda.<\/p>\n\n\n\n<p>En otro tema y al respecto del robo de v\u00edveres que sufri\u00f3 Do\u00f1a Leonor a quien hab\u00eda apoyado el Ayuntamiento de Veracruz tras conocer su historia medios de comunicaci\u00f3n, expuso que es una situaci\u00f3n muy compleja su caso, no solo por el lugar donde vive, sino por el tema familiar.<\/p>\n\n\n\n<p>\u201cLa se\u00f1ora vive en una condici\u00f3n bastante compleja, entonces desde el domingo la fueron a buscar, algunas personas que entendemos son familiares pr\u00e1cticamente casi la golpean, tuvo que intervenir personal del Ayuntamiento, se llam\u00f3 a la polic\u00eda, es decir vive en una condici\u00f3n muy compleja\u201d, se\u00f1al\u00f3.<br>Adem\u00e1s, el alcalde de Veracruz, dijo que la vivienda que le prometieron construir para vivir con su bisnieto, dif\u00edcilmente ser\u00e1 construida en la colonia Las Granjas, donde actualmente vive, ya que es una zona irregular y de riesgo, por lo que se encuentran analizando donde la van a reubicar.<\/p>\n","protected":false},"excerpt":{"rendered":"<p>Alejandro \u00c1vila Veracruz, Ver.- El presidente municipal Fernando Yunes M\u00e1rquez, coment\u00f3 que en sesi\u00f3n de Cabildo realizada este martes se autoriz\u00f3 por mayor\u00eda la reestructuraci\u00f3n de la deuda por bursatilizaci\u00f3n, tal como lo promovi\u00f3 el secretario de Finanzas, Jos\u00e9 Luis Lima Franco hace unos d\u00edas, y que deben autorizar los Cabildos inmiscuidos en el tema. [&hellip;]<\/p>\n","protected":false},"author":1,"featured_media":6594,"comment_status":"open","ping_status":"open","sticky":false,"template":"","format":"standard","meta":{"_jetpack_memberships_contains_paid_content":false,"footnotes":""},"categories":[2],"tags":[],"class_list":["post-6593","post","type-post","status-publish","format-standard","has-post-thumbnail","hentry","category-estado"],"jetpack_featured_media_url":"https:\/\/encuentroinformativo.com.mx\/wp-content\/uploads\/2020\/10\/6C3DDACF-8909-4892-810A-7548FF7C1A0F.jpeg","jetpack_sharing_enabled":true,"jetpack_likes_enabled":true,"amp_enabled":true,"_links":{"self":[{"href":"https:\/\/encuentroinformativo.com.mx\/index.php?rest_route=\/wp\/v2\/posts\/6593","targetHints":{"allow":["GET"]}}],"collection":[{"href":"https:\/\/encuentroinformativo.com.mx\/index.php?rest_route=\/wp\/v2\/posts"}],"about":[{"href":"https:\/\/encuentroinformativo.com.mx\/index.php?rest_route=\/wp\/v2\/types\/post"}],"author":[{"embeddable":true,"href":"https:\/\/encuentroinformativo.com.mx\/index.php?rest_route=\/wp\/v2\/users\/1"}],"replies":[{"embeddable":true,"href":"https:\/\/encuentroinformativo.com.mx\/index.php?rest_route=%2Fwp%2Fv2%2Fcomments&post=6593"}],"version-history":[{"count":1,"href":"https:\/\/encuentroinformativo.com.mx\/index.php?rest_route=\/wp\/v2\/posts\/6593\/revisions"}],"predecessor-version":[{"id":6595,"href":"https:\/\/encuentroinformativo.com.mx\/index.php?rest_route=\/wp\/v2\/posts\/6593\/revisions\/6595"}],"wp:featuredmedia":[{"embeddable":true,"href":"https:\/\/encuentroinformativo.com.mx\/index.php?rest_route=\/wp\/v2\/media\/6594"}],"wp:attachment":[{"href":"https:\/\/encuentroinformativo.com.mx\/index.php?rest_route=%2Fwp%2Fv2%2Fmedia&parent=6593"}],"wp:term":[{"taxonomy":"category","embeddable":true,"href":"https:\/\/encuentroinformativo.com.mx\/index.php?rest_route=%2Fwp%2Fv2%2Fcategories&post=6593"},{"taxonomy":"post_tag","embeddable":true,"href":"https:\/\/encuentroinformativo.com.mx\/index.php?rest_route=%2Fwp%2Fv2%2Ftags&post=6593"}],"curies":[{"name":"wp","href":"https:\/\/api.w.org\/{rel}","templated":true}]}}