{"id":65931,"date":"2025-04-15T12:27:31","date_gmt":"2025-04-15T18:27:31","guid":{"rendered":"https:\/\/encuentroinformativo.com.mx\/?p=65931"},"modified":"2025-04-15T12:27:31","modified_gmt":"2025-04-15T18:27:31","slug":"acusan-que-cfe-anda-de-fiesta-con-cobro-de-tarifas","status":"publish","type":"post","link":"https:\/\/encuentroinformativo.com.mx\/?p=65931","title":{"rendered":"Acusan que CFE &#8220;anda de fiesta&#8221; con cobro de tarifas"},"content":{"rendered":"<p><strong>Dar\u00edo Pale<\/strong><\/p>\n<p>Xalapa, Ver.- En Veracruz, la Comisi\u00f3n Federal de Electricidad &#8220;anda de fiesta&#8221; y no hay quien lo pare, as\u00ed lo asegur\u00f3 vocero del Movimiento de Resistencia Civil &#8220;La Leyenda de Chucho el Roto&#8221;, Jorge Morales Barradas.<\/p>\n<p>Y es que dijo, no solo es un problema que est\u00e1 viviendo la localidad de Cerro Gordo sino de todo Veracruz, en torno a las tarifas el\u00e9ctricas excesivas, y las arbitrariedades de cortar la energ\u00eda el\u00e9ctrica.<\/p>\n<p>Destac\u00f3 que es necesaria una previa notificaci\u00f3n, para el corte de luz &#8220;si t\u00fa llegas arbitrariamente sin notificar, el trabajador puede caer en alguna responsabilidad, como administrativa como de otro car\u00e1cter, nosotros no queremos estar en choque&#8221;.<\/p>\n<p>En este tenor coment\u00f3 que se han entablado mesas de trabajo y se ha buscado el di\u00e1logo desde el mes de diciembre con la gobernadora del estado, Roc\u00edo Nahle Garc\u00eda, para que funja como mediadora.<\/p>\n<p>Por tal motivo insisti\u00f3 en qu\u00e9 no quieren que la CFE siga agrediendo al pueblo y cobrando tarifas tan altas, por lo que se ha insistido en la reclasificaci\u00f3n de las tarifas.<\/p>\n<p>Para concluir insisti\u00f3 en qu\u00e9 buscar\u00e1n restablecer las mesas de trabajo y el di\u00e1logo con las autoridades, tanto municipales como estatales.<\/p>\n","protected":false},"excerpt":{"rendered":"<p>Dar\u00edo Pale Xalapa, Ver.- En Veracruz, la Comisi\u00f3n Federal de Electricidad &#8220;anda de fiesta&#8221; y no hay quien lo pare, as\u00ed lo asegur\u00f3 vocero del Movimiento de Resistencia Civil &#8220;La Leyenda de Chucho el Roto&#8221;, Jorge Morales Barradas. Y es que dijo, no solo es un problema que est\u00e1 viviendo la localidad de Cerro Gordo [&hellip;]<\/p>\n","protected":false},"author":2476,"featured_media":65932,"comment_status":"open","ping_status":"open","sticky":false,"template":"","format":"standard","meta":{"_jetpack_memberships_contains_paid_content":false,"footnotes":""},"categories":[8],"tags":[],"class_list":["post-65931","post","type-post","status-publish","format-standard","has-post-thumbnail","hentry","category-region"],"jetpack_featured_media_url":"https:\/\/encuentroinformativo.com.mx\/wp-content\/uploads\/2025\/04\/IMG-20250415-WA00982.jpg","jetpack_sharing_enabled":true,"jetpack_likes_enabled":true,"amp_enabled":true,"_links":{"self":[{"href":"https:\/\/encuentroinformativo.com.mx\/index.php?rest_route=\/wp\/v2\/posts\/65931","targetHints":{"allow":["GET"]}}],"collection":[{"href":"https:\/\/encuentroinformativo.com.mx\/index.php?rest_route=\/wp\/v2\/posts"}],"about":[{"href":"https:\/\/encuentroinformativo.com.mx\/index.php?rest_route=\/wp\/v2\/types\/post"}],"author":[{"embeddable":true,"href":"https:\/\/encuentroinformativo.com.mx\/index.php?rest_route=\/wp\/v2\/users\/2476"}],"replies":[{"embeddable":true,"href":"https:\/\/encuentroinformativo.com.mx\/index.php?rest_route=%2Fwp%2Fv2%2Fcomments&post=65931"}],"version-history":[{"count":2,"href":"https:\/\/encuentroinformativo.com.mx\/index.php?rest_route=\/wp\/v2\/posts\/65931\/revisions"}],"predecessor-version":[{"id":65934,"href":"https:\/\/encuentroinformativo.com.mx\/index.php?rest_route=\/wp\/v2\/posts\/65931\/revisions\/65934"}],"wp:featuredmedia":[{"embeddable":true,"href":"https:\/\/encuentroinformativo.com.mx\/index.php?rest_route=\/wp\/v2\/media\/65932"}],"wp:attachment":[{"href":"https:\/\/encuentroinformativo.com.mx\/index.php?rest_route=%2Fwp%2Fv2%2Fmedia&parent=65931"}],"wp:term":[{"taxonomy":"category","embeddable":true,"href":"https:\/\/encuentroinformativo.com.mx\/index.php?rest_route=%2Fwp%2Fv2%2Fcategories&post=65931"},{"taxonomy":"post_tag","embeddable":true,"href":"https:\/\/encuentroinformativo.com.mx\/index.php?rest_route=%2Fwp%2Fv2%2Ftags&post=65931"}],"curies":[{"name":"wp","href":"https:\/\/api.w.org\/{rel}","templated":true}]}}