{"id":65941,"date":"2025-04-15T13:47:36","date_gmt":"2025-04-15T19:47:36","guid":{"rendered":"https:\/\/encuentroinformativo.com.mx\/?p=65941"},"modified":"2025-04-15T13:47:36","modified_gmt":"2025-04-15T19:47:36","slug":"ha-detenido-ssp-a-mas-de-500-generadores-de-violencia","status":"publish","type":"post","link":"https:\/\/encuentroinformativo.com.mx\/?p=65941","title":{"rendered":"Ha detenido SSP a m\u00e1s de 500 generadores de violencia"},"content":{"rendered":"<p><strong>Dar\u00edo Pale<\/strong><\/p>\n<p>Xalapa, Ver.- En Veracruz del periodo de diciembre del 2024 a abril del 2025, se detuvieron a 578 generadores de violencia, as\u00ed lo dio a conocer el secretario de Seguridad P\u00fablica, Alfonso Reyes Garc\u00e9s.<\/p>\n<p>En conferencia de prensa inform\u00f3 que del periodo de diciembre del 2024 al 13 de abril del 2025, se realizaron 217 cateos a inmuebles y se han detenido a un total de mil 473 personas de las cuales 254 corresponden a delitos del fueron Federal y mil 219 por com\u00fan<br \/>\nEntre las cuales 578 son consideradas generadores de violencia.<\/p>\n<p>&#8220;De igual manera se han puesto a disposici\u00f3n a 6 mil 286 personas por faltas administrativas&#8221;, coment\u00f3.<\/p>\n<p>&#8220;Durante este mismo periodo se han asegurado diversos armamentos que representan una amenaza a la seguridad ciudadana, tal como es.el caso de 128 armas largas, 19 granadas de mano, 7 mil 619 municiones, 831 veh\u00edculos asegurados, 352 veh\u00edculos recuperados y 2 mil 379 rescates humanitarios&#8221;, agreg\u00f3.<\/p>\n<p>Finalmente destac\u00f3, que es el resultado de los trabajos de investigaci\u00f3n, inteligencia, coordinaci\u00f3n de campo y acci\u00f3n bien dirigidas que buscan neutralizar las capacidades operativas de los delincuentes<\/p>\n","protected":false},"excerpt":{"rendered":"<p>Dar\u00edo Pale Xalapa, Ver.- En Veracruz del periodo de diciembre del 2024 a abril del 2025, se detuvieron a 578 generadores de violencia, as\u00ed lo dio a conocer el secretario de Seguridad P\u00fablica, Alfonso Reyes Garc\u00e9s. En conferencia de prensa inform\u00f3 que del periodo de diciembre del 2024 al 13 de abril del 2025, se [&hellip;]<\/p>\n","protected":false},"author":2476,"featured_media":65942,"comment_status":"open","ping_status":"open","sticky":false,"template":"","format":"standard","meta":{"_jetpack_memberships_contains_paid_content":false,"footnotes":""},"categories":[2],"tags":[],"class_list":["post-65941","post","type-post","status-publish","format-standard","has-post-thumbnail","hentry","category-estado"],"jetpack_featured_media_url":"https:\/\/encuentroinformativo.com.mx\/wp-content\/uploads\/2025\/04\/IMG-20250415-WA01912.jpg","jetpack_sharing_enabled":true,"jetpack_likes_enabled":true,"amp_enabled":true,"_links":{"self":[{"href":"https:\/\/encuentroinformativo.com.mx\/index.php?rest_route=\/wp\/v2\/posts\/65941","targetHints":{"allow":["GET"]}}],"collection":[{"href":"https:\/\/encuentroinformativo.com.mx\/index.php?rest_route=\/wp\/v2\/posts"}],"about":[{"href":"https:\/\/encuentroinformativo.com.mx\/index.php?rest_route=\/wp\/v2\/types\/post"}],"author":[{"embeddable":true,"href":"https:\/\/encuentroinformativo.com.mx\/index.php?rest_route=\/wp\/v2\/users\/2476"}],"replies":[{"embeddable":true,"href":"https:\/\/encuentroinformativo.com.mx\/index.php?rest_route=%2Fwp%2Fv2%2Fcomments&post=65941"}],"version-history":[{"count":1,"href":"https:\/\/encuentroinformativo.com.mx\/index.php?rest_route=\/wp\/v2\/posts\/65941\/revisions"}],"predecessor-version":[{"id":65943,"href":"https:\/\/encuentroinformativo.com.mx\/index.php?rest_route=\/wp\/v2\/posts\/65941\/revisions\/65943"}],"wp:featuredmedia":[{"embeddable":true,"href":"https:\/\/encuentroinformativo.com.mx\/index.php?rest_route=\/wp\/v2\/media\/65942"}],"wp:attachment":[{"href":"https:\/\/encuentroinformativo.com.mx\/index.php?rest_route=%2Fwp%2Fv2%2Fmedia&parent=65941"}],"wp:term":[{"taxonomy":"category","embeddable":true,"href":"https:\/\/encuentroinformativo.com.mx\/index.php?rest_route=%2Fwp%2Fv2%2Fcategories&post=65941"},{"taxonomy":"post_tag","embeddable":true,"href":"https:\/\/encuentroinformativo.com.mx\/index.php?rest_route=%2Fwp%2Fv2%2Ftags&post=65941"}],"curies":[{"name":"wp","href":"https:\/\/api.w.org\/{rel}","templated":true}]}}