{"id":65944,"date":"2025-04-15T13:54:44","date_gmt":"2025-04-15T19:54:44","guid":{"rendered":"https:\/\/encuentroinformativo.com.mx\/?p=65944"},"modified":"2025-04-15T13:54:44","modified_gmt":"2025-04-15T19:54:44","slug":"lanzan-concurso-para-crear-logo-para-gente-pequena","status":"publish","type":"post","link":"https:\/\/encuentroinformativo.com.mx\/?p=65944","title":{"rendered":"Lanzan concurso para crear logo para Gente Peque\u00f1a"},"content":{"rendered":"<p><strong>Dar\u00edo Pale<\/strong><\/p>\n<p>Xalapa, Ver.- Lanzan el concurso Mundo Peque\u00f1o, para generar inclusi\u00f3n, pues se busca generar un logo inclusivo para gente peque\u00f1a.<\/p>\n<p>En este sentido el presidente estatal de la Asociaci\u00f3n estatal Somos Peque\u00f1os Veracruz, Jacob Zayas Garc\u00eda, en compa\u00f1\u00eda de Pilar Gonz\u00e1lez Contreras y Rosal\u00eda, comentaron que actualmente el tema de la inclusi\u00f3n es necesaria para la participaci\u00f3n de todos, y el logotipo actual de inclusi\u00f3n solo ponen a personas en silla de ruedas pero de tama\u00f1o est\u00e1ndar, por ellos es que se pudo un logotipo que incluya a la gente peque\u00f1a.<\/p>\n<p>Esta convocatoria no tiene ninguna normativa pues pueden participar de todas las edades y que genere una visibilidad de la gente peque\u00f1a.<\/p>\n<p>Este logotipo se incluir\u00e1 para normativas.<\/p>\n<p>El premio de este concurso ser\u00e1 de seis mil pesos al ganador, y se podr\u00e1n inscribir a partir de hoy y diez d\u00edas m\u00e1s.<\/p>\n<p>Se dar\u00e1 un plazo de un mes para recibir los logotipos, y se realizar\u00e1 una exposici\u00f3n con un jurado amateur que decidir\u00e1 cu\u00e1l logotipo es el mejor.<\/p>\n<p>Dicho logotipo se utilizar\u00e1 para realizar una campa\u00f1a permanente, municipal, estatal y nacional.<\/p>\n<p>Cabe destacar que son alrededor de 400 personas peque\u00f1as en la ciudad de Xalapa.<\/p>\n<p>Pueden visitar sus redes sociales Somos Peque\u00f1os Veracruz, para poder inscribirse.<\/p>\n","protected":false},"excerpt":{"rendered":"<p>Dar\u00edo Pale Xalapa, Ver.- Lanzan el concurso Mundo Peque\u00f1o, para generar inclusi\u00f3n, pues se busca generar un logo inclusivo para gente peque\u00f1a. En este sentido el presidente estatal de la Asociaci\u00f3n estatal Somos Peque\u00f1os Veracruz, Jacob Zayas Garc\u00eda, en compa\u00f1\u00eda de Pilar Gonz\u00e1lez Contreras y Rosal\u00eda, comentaron que actualmente el tema de la inclusi\u00f3n es [&hellip;]<\/p>\n","protected":false},"author":2476,"featured_media":65947,"comment_status":"open","ping_status":"open","sticky":false,"template":"","format":"standard","meta":{"_jetpack_memberships_contains_paid_content":false,"footnotes":""},"categories":[3],"tags":[],"class_list":["post-65944","post","type-post","status-publish","format-standard","has-post-thumbnail","hentry","category-xalapa"],"jetpack_featured_media_url":"https:\/\/encuentroinformativo.com.mx\/wp-content\/uploads\/2025\/04\/IMG-20250415-WA0242.jpg","jetpack_sharing_enabled":true,"jetpack_likes_enabled":true,"amp_enabled":true,"_links":{"self":[{"href":"https:\/\/encuentroinformativo.com.mx\/index.php?rest_route=\/wp\/v2\/posts\/65944","targetHints":{"allow":["GET"]}}],"collection":[{"href":"https:\/\/encuentroinformativo.com.mx\/index.php?rest_route=\/wp\/v2\/posts"}],"about":[{"href":"https:\/\/encuentroinformativo.com.mx\/index.php?rest_route=\/wp\/v2\/types\/post"}],"author":[{"embeddable":true,"href":"https:\/\/encuentroinformativo.com.mx\/index.php?rest_route=\/wp\/v2\/users\/2476"}],"replies":[{"embeddable":true,"href":"https:\/\/encuentroinformativo.com.mx\/index.php?rest_route=%2Fwp%2Fv2%2Fcomments&post=65944"}],"version-history":[{"count":1,"href":"https:\/\/encuentroinformativo.com.mx\/index.php?rest_route=\/wp\/v2\/posts\/65944\/revisions"}],"predecessor-version":[{"id":65946,"href":"https:\/\/encuentroinformativo.com.mx\/index.php?rest_route=\/wp\/v2\/posts\/65944\/revisions\/65946"}],"wp:featuredmedia":[{"embeddable":true,"href":"https:\/\/encuentroinformativo.com.mx\/index.php?rest_route=\/wp\/v2\/media\/65947"}],"wp:attachment":[{"href":"https:\/\/encuentroinformativo.com.mx\/index.php?rest_route=%2Fwp%2Fv2%2Fmedia&parent=65944"}],"wp:term":[{"taxonomy":"category","embeddable":true,"href":"https:\/\/encuentroinformativo.com.mx\/index.php?rest_route=%2Fwp%2Fv2%2Fcategories&post=65944"},{"taxonomy":"post_tag","embeddable":true,"href":"https:\/\/encuentroinformativo.com.mx\/index.php?rest_route=%2Fwp%2Fv2%2Ftags&post=65944"}],"curies":[{"name":"wp","href":"https:\/\/api.w.org\/{rel}","templated":true}]}}