{"id":65948,"date":"2025-04-15T13:59:42","date_gmt":"2025-04-15T19:59:42","guid":{"rendered":"https:\/\/encuentroinformativo.com.mx\/?p=65948"},"modified":"2025-04-15T13:59:42","modified_gmt":"2025-04-15T19:59:42","slug":"poderes-buscan-promover-elecciones-del-poder-judicial","status":"publish","type":"post","link":"https:\/\/encuentroinformativo.com.mx\/?p=65948","title":{"rendered":"Poderes buscan promover elecciones del Poder Judicial"},"content":{"rendered":"<p><strong>Dar\u00edo Pale<\/strong><\/p>\n<p>Xalapa, Ver.- Bajo la premisa de que el Poder judicial debe ser del pueblo y los jueces deben dar y hacer justicia, se est\u00e1 buscando que no se restrinja a los poderes para difundir la elecci\u00f3n del poder judicial, as\u00ed lo dio a conocer el senador Manuel Huerta Ladr\u00f3n de Guevara.<\/p>\n<p>Indic\u00f3 que la din\u00e1mica es rescatar propuestas de c\u00f3mo se ejemplifican mejor las boletas por los colores, ministros y ministras de la Suprema Corte de Justicia en un color lila, verde magistrados, la amarilla los candidatos a jueces de distrito y rosa magistratura del distrito.<\/p>\n<p>Resalt\u00f3 que es una manera de que la gente pueda votar por el n\u00famero y no por el nombre en s\u00ed, por lo que representa cierta complejidad.<\/p>\n<p>Tambi\u00e9n resalt\u00f3 que no aparece ning\u00fan partido pues es una elecci\u00f3n de los ciudadanos, pues aunque para Morena podr\u00eda haber decidido al tener mayor\u00eda, ser\u00e1 el pueblo el que elija al ser capaz de tomar las mejores decisiones.<\/p>\n<p>Ladr\u00f3n de Guevara asegur\u00f3 que visitar\u00e1 la mayor parte de los municipios, ya que no le dar\u00eda tiempo de recorrerlos todos para dar a conocer estos detalles de dicha elecci\u00f3n.<\/p>\n","protected":false},"excerpt":{"rendered":"<p>Dar\u00edo Pale Xalapa, Ver.- Bajo la premisa de que el Poder judicial debe ser del pueblo y los jueces deben dar y hacer justicia, se est\u00e1 buscando que no se restrinja a los poderes para difundir la elecci\u00f3n del poder judicial, as\u00ed lo dio a conocer el senador Manuel Huerta Ladr\u00f3n de Guevara. Indic\u00f3 que [&hellip;]<\/p>\n","protected":false},"author":2476,"featured_media":65949,"comment_status":"open","ping_status":"open","sticky":false,"template":"","format":"standard","meta":{"_jetpack_memberships_contains_paid_content":false,"footnotes":""},"categories":[2],"tags":[],"class_list":["post-65948","post","type-post","status-publish","format-standard","has-post-thumbnail","hentry","category-estado"],"jetpack_featured_media_url":"https:\/\/encuentroinformativo.com.mx\/wp-content\/uploads\/2025\/04\/IMG-20250415-WA0250.jpg","jetpack_sharing_enabled":true,"jetpack_likes_enabled":true,"amp_enabled":true,"_links":{"self":[{"href":"https:\/\/encuentroinformativo.com.mx\/index.php?rest_route=\/wp\/v2\/posts\/65948","targetHints":{"allow":["GET"]}}],"collection":[{"href":"https:\/\/encuentroinformativo.com.mx\/index.php?rest_route=\/wp\/v2\/posts"}],"about":[{"href":"https:\/\/encuentroinformativo.com.mx\/index.php?rest_route=\/wp\/v2\/types\/post"}],"author":[{"embeddable":true,"href":"https:\/\/encuentroinformativo.com.mx\/index.php?rest_route=\/wp\/v2\/users\/2476"}],"replies":[{"embeddable":true,"href":"https:\/\/encuentroinformativo.com.mx\/index.php?rest_route=%2Fwp%2Fv2%2Fcomments&post=65948"}],"version-history":[{"count":2,"href":"https:\/\/encuentroinformativo.com.mx\/index.php?rest_route=\/wp\/v2\/posts\/65948\/revisions"}],"predecessor-version":[{"id":65951,"href":"https:\/\/encuentroinformativo.com.mx\/index.php?rest_route=\/wp\/v2\/posts\/65948\/revisions\/65951"}],"wp:featuredmedia":[{"embeddable":true,"href":"https:\/\/encuentroinformativo.com.mx\/index.php?rest_route=\/wp\/v2\/media\/65949"}],"wp:attachment":[{"href":"https:\/\/encuentroinformativo.com.mx\/index.php?rest_route=%2Fwp%2Fv2%2Fmedia&parent=65948"}],"wp:term":[{"taxonomy":"category","embeddable":true,"href":"https:\/\/encuentroinformativo.com.mx\/index.php?rest_route=%2Fwp%2Fv2%2Fcategories&post=65948"},{"taxonomy":"post_tag","embeddable":true,"href":"https:\/\/encuentroinformativo.com.mx\/index.php?rest_route=%2Fwp%2Fv2%2Ftags&post=65948"}],"curies":[{"name":"wp","href":"https:\/\/api.w.org\/{rel}","templated":true}]}}