{"id":6596,"date":"2020-10-06T16:11:39","date_gmt":"2020-10-06T21:11:39","guid":{"rendered":"https:\/\/encuentroinformativo.com.mx\/?p=6596"},"modified":"2020-10-06T16:11:42","modified_gmt":"2020-10-06T21:11:42","slug":"piden-no-judicializar-encuesta-de-morena","status":"publish","type":"post","link":"https:\/\/encuentroinformativo.com.mx\/?p=6596","title":{"rendered":"Piden no judicializar encuesta de Morena"},"content":{"rendered":"\n<p><strong>Dar\u00edo Pale <\/strong><\/p>\n\n\n\n<p>Xalapa, Ver.- El candidato a la Secretar\u00eda General del Morena a nivel nacional, Emilio Ulloa P\u00e9rez, declar\u00f3 que no va a judicializar el resultado de la encuesta ciudadana y llam\u00f3 a la unidad a todos los candidatos.<\/p>\n\n\n\n<p>En conferencia de prensa realizada en conocido caf\u00e9 del centro de Xalapa coment\u00f3 que, \u201chago un llamado a los compa\u00f1eros candidatos a acatar el resultado, a que asumamos lo que ah\u00ed se d\u00e9. Y yo quiero decirles que en lo particular yo no voy a judicializar el proceso, yo no ir\u00e9 a los tribunales bajo ninguna circunstancia; yo me voy a apegar al resultado\u201d.<\/p>\n\n\n\n<p>Emilio Ull\u00f3a P\u00e9rez recomend\u00f3 a los militantes de su partido a no dividirse en tribus como hist\u00f3ricamente ha sucedido en las izquierdas del pa\u00eds, &#8220;el fantasma del perredismo nos persigue y hay que tratar de que eso no suceda, lo que tenemos que hacer es no repetir esas historias del pasado&#8221;.<\/p>\n\n\n\n<p>En su visita a Xalapa como parte de su agenda proselitista, el experredista originario del Estado de M\u00e9xico llam\u00f3 a la unidad y a confiar en las encuestas que definiran las candidaturas, esto para evitar descalificaciones entre candidatos o grupos internos de Morena, &#8220;en lo particular no voy a ir a la ruta de la descalificaci\u00f3n ni de la judicializaci\u00f3n del proceso. Voy a acatar el resultado que salga&#8221;.<\/p>\n\n\n\n<p>Descart\u00f3 que en Veracruz el Gobierno estatal intervenga en el proceso interno para renovar la dirigencia nacional de Morena el siguiente a\u00f1o, &#8220;en lo particular le tengo confianza al Gobernador Cuitl\u00e1huac y s\u00e9 que no se va a meter en el proceso interno de Morena. Tiene mucha tarea en el Estado. Est\u00e1 muy grandote el estado como para estar pensando en los problemas internos del partido&#8221;.<\/p>\n\n\n\n<p>Dijo que lo m\u00e1s importante es conseguir y mantener la unidad entre los cinco candidatos a la Presidencia Nacional y los nueve a la Secretar\u00eda, ya que al final es a trav\u00e9s de una encuesta cuando se decidir\u00e1 y no por \u201cquien declara m\u00e1s fuerte, quien acusa m\u00e1s o quien descalifica m\u00e1s\u201d.<\/p>\n","protected":false},"excerpt":{"rendered":"<p>Dar\u00edo Pale Xalapa, Ver.- El candidato a la Secretar\u00eda General del Morena a nivel nacional, Emilio Ulloa P\u00e9rez, declar\u00f3 que no va a judicializar el resultado de la encuesta ciudadana y llam\u00f3 a la unidad a todos los candidatos. En conferencia de prensa realizada en conocido caf\u00e9 del centro de Xalapa coment\u00f3 que, \u201chago un [&hellip;]<\/p>\n","protected":false},"author":1,"featured_media":6597,"comment_status":"open","ping_status":"open","sticky":false,"template":"","format":"standard","meta":{"_jetpack_memberships_contains_paid_content":false,"footnotes":""},"categories":[2],"tags":[],"class_list":["post-6596","post","type-post","status-publish","format-standard","has-post-thumbnail","hentry","category-estado"],"jetpack_featured_media_url":"https:\/\/encuentroinformativo.com.mx\/wp-content\/uploads\/2020\/10\/E43A624F-344E-4515-8E3E-CD4123F0F9C9.jpeg","jetpack_sharing_enabled":true,"jetpack_likes_enabled":true,"amp_enabled":true,"_links":{"self":[{"href":"https:\/\/encuentroinformativo.com.mx\/index.php?rest_route=\/wp\/v2\/posts\/6596","targetHints":{"allow":["GET"]}}],"collection":[{"href":"https:\/\/encuentroinformativo.com.mx\/index.php?rest_route=\/wp\/v2\/posts"}],"about":[{"href":"https:\/\/encuentroinformativo.com.mx\/index.php?rest_route=\/wp\/v2\/types\/post"}],"author":[{"embeddable":true,"href":"https:\/\/encuentroinformativo.com.mx\/index.php?rest_route=\/wp\/v2\/users\/1"}],"replies":[{"embeddable":true,"href":"https:\/\/encuentroinformativo.com.mx\/index.php?rest_route=%2Fwp%2Fv2%2Fcomments&post=6596"}],"version-history":[{"count":1,"href":"https:\/\/encuentroinformativo.com.mx\/index.php?rest_route=\/wp\/v2\/posts\/6596\/revisions"}],"predecessor-version":[{"id":6598,"href":"https:\/\/encuentroinformativo.com.mx\/index.php?rest_route=\/wp\/v2\/posts\/6596\/revisions\/6598"}],"wp:featuredmedia":[{"embeddable":true,"href":"https:\/\/encuentroinformativo.com.mx\/index.php?rest_route=\/wp\/v2\/media\/6597"}],"wp:attachment":[{"href":"https:\/\/encuentroinformativo.com.mx\/index.php?rest_route=%2Fwp%2Fv2%2Fmedia&parent=6596"}],"wp:term":[{"taxonomy":"category","embeddable":true,"href":"https:\/\/encuentroinformativo.com.mx\/index.php?rest_route=%2Fwp%2Fv2%2Fcategories&post=6596"},{"taxonomy":"post_tag","embeddable":true,"href":"https:\/\/encuentroinformativo.com.mx\/index.php?rest_route=%2Fwp%2Fv2%2Ftags&post=6596"}],"curies":[{"name":"wp","href":"https:\/\/api.w.org\/{rel}","templated":true}]}}