{"id":65978,"date":"2025-04-16T14:00:36","date_gmt":"2025-04-16T20:00:36","guid":{"rendered":"https:\/\/encuentroinformativo.com.mx\/?p=65978"},"modified":"2025-04-16T14:00:36","modified_gmt":"2025-04-16T20:00:36","slug":"registran-tornado-en-lerdo-de-tejada","status":"publish","type":"post","link":"https:\/\/encuentroinformativo.com.mx\/?p=65978","title":{"rendered":"Registran tornado en Lerdo de Tejada"},"content":{"rendered":"<p><strong>Alejandro \u00c1vila<\/strong><\/p>\n<p>Lerdo de Tejada, Ver.- Un tornado fue avistado la ma\u00f1ana de este mi\u00e9rcoles 16 de abril en el municipio de Lerdo de Tejada.<\/p>\n<p>El fen\u00f3meno meteorol\u00f3gico se form\u00f3 en las cercan\u00edas de la colonia San Pedro, perteneciente al mencionado municipio, dejando sorprendidos a cientos de ciudadanos que grabaron el tornado y subieron a redes sociales.<\/p>\n<p>Tras el reporte elementos de Protecci\u00f3n Civil y Polic\u00eda Municipal acudieron al sitio y momentos m\u00e1s tarde reportaron que no hab\u00eda afectaciones de ning\u00fan tipo.<\/p>\n","protected":false},"excerpt":{"rendered":"<p>Alejandro \u00c1vila Lerdo de Tejada, Ver.- Un tornado fue avistado la ma\u00f1ana de este mi\u00e9rcoles 16 de abril en el municipio de Lerdo de Tejada. El fen\u00f3meno meteorol\u00f3gico se form\u00f3 en las cercan\u00edas de la colonia San Pedro, perteneciente al mencionado municipio, dejando sorprendidos a cientos de ciudadanos que grabaron el tornado y subieron a [&hellip;]<\/p>\n","protected":false},"author":2476,"featured_media":65979,"comment_status":"open","ping_status":"open","sticky":false,"template":"","format":"standard","meta":{"_jetpack_memberships_contains_paid_content":false,"footnotes":""},"categories":[2],"tags":[],"class_list":["post-65978","post","type-post","status-publish","format-standard","has-post-thumbnail","hentry","category-estado"],"jetpack_featured_media_url":"https:\/\/encuentroinformativo.com.mx\/wp-content\/uploads\/2025\/04\/IMG-20250416-WA0170.jpg","jetpack_sharing_enabled":true,"jetpack_likes_enabled":true,"amp_enabled":true,"_links":{"self":[{"href":"https:\/\/encuentroinformativo.com.mx\/index.php?rest_route=\/wp\/v2\/posts\/65978","targetHints":{"allow":["GET"]}}],"collection":[{"href":"https:\/\/encuentroinformativo.com.mx\/index.php?rest_route=\/wp\/v2\/posts"}],"about":[{"href":"https:\/\/encuentroinformativo.com.mx\/index.php?rest_route=\/wp\/v2\/types\/post"}],"author":[{"embeddable":true,"href":"https:\/\/encuentroinformativo.com.mx\/index.php?rest_route=\/wp\/v2\/users\/2476"}],"replies":[{"embeddable":true,"href":"https:\/\/encuentroinformativo.com.mx\/index.php?rest_route=%2Fwp%2Fv2%2Fcomments&post=65978"}],"version-history":[{"count":1,"href":"https:\/\/encuentroinformativo.com.mx\/index.php?rest_route=\/wp\/v2\/posts\/65978\/revisions"}],"predecessor-version":[{"id":65980,"href":"https:\/\/encuentroinformativo.com.mx\/index.php?rest_route=\/wp\/v2\/posts\/65978\/revisions\/65980"}],"wp:featuredmedia":[{"embeddable":true,"href":"https:\/\/encuentroinformativo.com.mx\/index.php?rest_route=\/wp\/v2\/media\/65979"}],"wp:attachment":[{"href":"https:\/\/encuentroinformativo.com.mx\/index.php?rest_route=%2Fwp%2Fv2%2Fmedia&parent=65978"}],"wp:term":[{"taxonomy":"category","embeddable":true,"href":"https:\/\/encuentroinformativo.com.mx\/index.php?rest_route=%2Fwp%2Fv2%2Fcategories&post=65978"},{"taxonomy":"post_tag","embeddable":true,"href":"https:\/\/encuentroinformativo.com.mx\/index.php?rest_route=%2Fwp%2Fv2%2Ftags&post=65978"}],"curies":[{"name":"wp","href":"https:\/\/api.w.org\/{rel}","templated":true}]}}