{"id":65981,"date":"2025-04-16T14:11:46","date_gmt":"2025-04-16T20:11:46","guid":{"rendered":"https:\/\/encuentroinformativo.com.mx\/?p=65981"},"modified":"2025-04-16T14:11:46","modified_gmt":"2025-04-16T20:11:46","slug":"por-vacaciones-instalan-modulos-de-emergencia-en-xalapa","status":"publish","type":"post","link":"https:\/\/encuentroinformativo.com.mx\/?p=65981","title":{"rendered":"Por vacaciones, instalan m\u00f3dulos de emergencia en Xalapa"},"content":{"rendered":"<p><strong>Dar\u00edo Pale<\/strong><\/p>\n<p>Xalapa, Ver.- El director de Protecci\u00f3n Civil Municipal, Enrique Fonseca Mart\u00ednez dio a conocer que la dependencia a su cargo instal\u00f3 6 m\u00f3dulos de atenci\u00f3n a emergencias durante el periodo vacacional de Semana Santa en las entradas y salidas de esta capital.<\/p>\n<p>En entrevista se\u00f1al\u00f3 que, el operativo estar\u00e1 coordinado con las autoridades estatales del 17 al 20 de abril, participan 107 veh\u00edculos, 13 ambulancias, 3 camiones de bomberos, 2 unidades de rescate de veh\u00edculos, adem\u00e1s de las camionetas de esta direcci\u00f3n.<\/p>\n<p>&#8220;Vamos a establecer 6 m\u00f3dulos informativos que van a estar ubicados directamente en donde est\u00e1 el monumento a San Rafael Gu\u00edzar y Valencia, en la carretera con salida al puerto de Veracruz, vamos a tener otro m\u00e1s que va a estar debajo del puente de lo que es el Urban Center, el puente nuevo vehicular, este es nuevo, por primera vez lo vamos a instalar en esa zona\u201d, se\u00f1al\u00f3.<\/p>\n<p>\u201cEl de la colonia 21 de marzo, lo vamos a tener donde est\u00e1 el campo deportivo ah\u00ed vamos a tener otro m\u00f3dulo m\u00e1s; vamos a tener otro donde est\u00e1 la Facultad de Medicina, es un m\u00f3dulo que normalmente lo establecemos a\u00f1o con a\u00f1o y ah\u00ed normalmente tenemos una agrupaci\u00f3n que es la que est\u00e1 siempre pendiente nosotros y vamos a tener otro m\u00e1s aqu\u00ed en el Vel\u00f3dromo, que es donde nosotros lo establecemos directamente&#8221;, agreg\u00f3.<\/p>\n<p>Tambi\u00e9n van a establecer uno en El Castillo donde estar\u00e1n dos brigadas, \u201cporque adem\u00e1s de la atenci\u00f3n de incendios de pastizales, que muy seguramente se pueden dar en estos d\u00edas, tambi\u00e9n tenemos las condiciones de los balnearios, y de lo que es la propia laguna\u201d.<\/p>\n<p>Estos m\u00f3dulos contar\u00e1n con personal capacitado para la atenci\u00f3n y traslado de personas heridas.<\/p>\n<p>Reitero la participaci\u00f3n de, \u201caproximadamente 598 elementos, de todos los \u00f3rdenes que les coment\u00e9, y vamos a tener la participaci\u00f3n de 107 veh\u00edculos, destacando 13 ambulancias, 3 camiones de bomberos, 2 unidades de rescate, veh\u00edculos de ataque r\u00e1pido y camionetas pick-up, entre varias de las que van a estar operando\u201d<\/p>\n<p>Finalmente recomend\u00f3 a las personas que van a salir de viaje que, revisen las instalaciones el\u00e9ctricas, que cierren las llaves de paso del gas, adem\u00e1s de que revisen las condiciones del veh\u00edculo en que van a viajar para que est\u00e9 en buenas condiciones.<\/p>\n<p><img loading=\"lazy\" decoding=\"async\" class=\"alignnone size-medium wp-image-65983\" src=\"https:\/\/encuentroinformativo.com.mx\/wp-content\/uploads\/2025\/04\/IMG-20250416-WA0164-300x138.jpg\" alt=\"\" width=\"300\" height=\"138\" srcset=\"https:\/\/encuentroinformativo.com.mx\/wp-content\/uploads\/2025\/04\/IMG-20250416-WA0164-300x138.jpg 300w, https:\/\/encuentroinformativo.com.mx\/wp-content\/uploads\/2025\/04\/IMG-20250416-WA0164-1024x472.jpg 1024w, https:\/\/encuentroinformativo.com.mx\/wp-content\/uploads\/2025\/04\/IMG-20250416-WA0164-768x354.jpg 768w, https:\/\/encuentroinformativo.com.mx\/wp-content\/uploads\/2025\/04\/IMG-20250416-WA0164-1536x708.jpg 1536w, https:\/\/encuentroinformativo.com.mx\/wp-content\/uploads\/2025\/04\/IMG-20250416-WA0164.jpg 1600w\" sizes=\"auto, (max-width: 300px) 100vw, 300px\" \/><\/p>\n","protected":false},"excerpt":{"rendered":"<p>Dar\u00edo Pale Xalapa, Ver.- El director de Protecci\u00f3n Civil Municipal, Enrique Fonseca Mart\u00ednez dio a conocer que la dependencia a su cargo instal\u00f3 6 m\u00f3dulos de atenci\u00f3n a emergencias durante el periodo vacacional de Semana Santa en las entradas y salidas de esta capital. En entrevista se\u00f1al\u00f3 que, el operativo estar\u00e1 coordinado con las autoridades [&hellip;]<\/p>\n","protected":false},"author":2476,"featured_media":65982,"comment_status":"open","ping_status":"open","sticky":false,"template":"","format":"standard","meta":{"_jetpack_memberships_contains_paid_content":false,"footnotes":""},"categories":[3],"tags":[],"class_list":["post-65981","post","type-post","status-publish","format-standard","has-post-thumbnail","hentry","category-xalapa"],"jetpack_featured_media_url":"https:\/\/encuentroinformativo.com.mx\/wp-content\/uploads\/2025\/04\/IMG-20250416-WA0163.jpg","jetpack_sharing_enabled":true,"jetpack_likes_enabled":true,"amp_enabled":true,"_links":{"self":[{"href":"https:\/\/encuentroinformativo.com.mx\/index.php?rest_route=\/wp\/v2\/posts\/65981","targetHints":{"allow":["GET"]}}],"collection":[{"href":"https:\/\/encuentroinformativo.com.mx\/index.php?rest_route=\/wp\/v2\/posts"}],"about":[{"href":"https:\/\/encuentroinformativo.com.mx\/index.php?rest_route=\/wp\/v2\/types\/post"}],"author":[{"embeddable":true,"href":"https:\/\/encuentroinformativo.com.mx\/index.php?rest_route=\/wp\/v2\/users\/2476"}],"replies":[{"embeddable":true,"href":"https:\/\/encuentroinformativo.com.mx\/index.php?rest_route=%2Fwp%2Fv2%2Fcomments&post=65981"}],"version-history":[{"count":1,"href":"https:\/\/encuentroinformativo.com.mx\/index.php?rest_route=\/wp\/v2\/posts\/65981\/revisions"}],"predecessor-version":[{"id":65984,"href":"https:\/\/encuentroinformativo.com.mx\/index.php?rest_route=\/wp\/v2\/posts\/65981\/revisions\/65984"}],"wp:featuredmedia":[{"embeddable":true,"href":"https:\/\/encuentroinformativo.com.mx\/index.php?rest_route=\/wp\/v2\/media\/65982"}],"wp:attachment":[{"href":"https:\/\/encuentroinformativo.com.mx\/index.php?rest_route=%2Fwp%2Fv2%2Fmedia&parent=65981"}],"wp:term":[{"taxonomy":"category","embeddable":true,"href":"https:\/\/encuentroinformativo.com.mx\/index.php?rest_route=%2Fwp%2Fv2%2Fcategories&post=65981"},{"taxonomy":"post_tag","embeddable":true,"href":"https:\/\/encuentroinformativo.com.mx\/index.php?rest_route=%2Fwp%2Fv2%2Ftags&post=65981"}],"curies":[{"name":"wp","href":"https:\/\/api.w.org\/{rel}","templated":true}]}}