{"id":65985,"date":"2025-04-16T14:53:54","date_gmt":"2025-04-16T20:53:54","guid":{"rendered":"https:\/\/encuentroinformativo.com.mx\/?p=65985"},"modified":"2025-04-16T14:53:54","modified_gmt":"2025-04-16T20:53:54","slug":"alcalde-jm-unanue-pone-en-marcha-operativo-semana-santa-2025-en-boca-del-rio","status":"publish","type":"post","link":"https:\/\/encuentroinformativo.com.mx\/?p=65985","title":{"rendered":"Alcalde JM Un\u00e1nue pone en marcha Operativo \u201cSemana Santa 2025\u201d en Boca del R\u00edo"},"content":{"rendered":"<p><strong>* Del 7 al 27 de abril, el Gobierno Municipal desplegar\u00e1 m\u00e1s de 500 elementos para garantizar la seguridad de residentes y visitantes.<\/strong><\/p>\n<p>Boca del R\u00edo, Ver.- Boca del R\u00edo est\u00e1 preparado para recibir a miles de visitantes gracias a su moderna infraestructura tur\u00edstica, playas limpias, adem\u00e1s de contar con un ambiente seguro y familiar, destac\u00f3 el alcalde Juan Manuel Un\u00e1nue Abascal.<\/p>\n<p>\u201cDamos inicio formal al Operativo Semana Santa 2025 en Boca del R\u00edo, con la participaci\u00f3n coordinada de autoridades de los tres niveles de gobierno, con el firme objetivo de garantizar la seguridad de residentes y visitantes durante este periodo vacacional\u201d, expres\u00f3 el edil boque\u00f1o ante medios de comunicaci\u00f3n.<\/p>\n<p>Del 7 al 27 de abril, el Gobierno Municipal desplegar\u00e1 m\u00e1s de 500 elementos, en este operativo participan cuerpos de auxilio y seguridad como Protecci\u00f3n Civil Municipal, Polic\u00eda Municipal, Tr\u00e1nsito Municipal, Bomberos Conurbados, sum\u00e1ndose los elementos de la Polic\u00eda Naval, Guardia Nacional y Polic\u00eda Estatal.<\/p>\n<p>Adem\u00e1s del DIF de Boca del R\u00edo y las direcciones de Turismo, Comercio, Limpia P\u00fablica, Mantenimiento Urbano, Fomento Deportivo, Recreaci\u00f3n, IMMUJERES y Alumbrado P\u00fablico.<\/p>\n<p>La Fuerza de Tarea contar\u00e1 con m\u00e1s de 30 unidades desplegadas en puntos estrat\u00e9gicos: patrullas, motopatrullas, veh\u00edculos acu\u00e1ticos y terrestres.<\/p>\n<p>Un\u00e1nue Abascal enfatiz\u00f3 que para este periodo vacacional el municipio contar\u00e1 con m\u00e1s de 50 elementos municipales de Protecci\u00f3n Civil, principalmente en la costa con 15 elementos operativos, 35 guardavidas y 10 torres de vigilancia plenamente operativas. Se han instalado cuatro m\u00f3dulos de atenci\u00f3n en Playa Santa Ana, Playa Mocambo, Playa Pel\u00edcano y Playa La Bamba.<\/p>\n<p>Previamente se han realizado inspecciones para identificar zonas de riesgo en las playas, como escolleras y pozas, por lo que se reforz\u00f3 la se\u00f1al\u00e9tica y el sistema de banderas que advierten sobre las condiciones del mar.<\/p>\n<p>Ante ello y para preservar un \u201cSaldo Blanco\u201d, se pide a ciudadanos y visitantes a respetar se\u00f1alamientos, banderas y las indicaciones preventivas de los cuerpos de auxilio y seguridad, siguiendo puntualmente los reglamentos y horarios de las playas.<\/p>\n<p>Finalmente, el mun\u00edcipe boque\u00f1o dijo que gracias a los miles de turistas que arriban a la ciudad, se espera una derrama econ\u00f3mica de 400 millones de pesos y una ocupaci\u00f3n hotelera del 100% y esperando contar con plazas comerciales, restaurantes, comercios y prestadores de servicios con gran demanda.<\/p>\n<p>Presentes en el banderazo de inicio del operativo de Semana Santa 2025, Jorge Roberto Rojas Hern\u00e1ndez, Director de Protecci\u00f3n Civil Municipal, David Jurado Cruz, Director de la Polic\u00eda Municipal, Jesper Jovanni P\u00e9rez Azamar, Director de Tr\u00e1nsito Municipal y Raymundo Montesinos Romero, Director de Limpia P\u00fablica.<\/p>\n<p>Tambi\u00e9n presentes, el Capit\u00e1n de Nav\u00edo del Cuerpo de Infanter\u00eda de Marina, diplomado de Estado Mayor, Gontran Santiago Reyes, Delegado de la Polic\u00eda Naval en Boca del R\u00edo, Jos\u00e9 Salvador Hern\u00e1ndez Garc\u00eda, Delegado de la Polic\u00eda Estatal, Regi\u00f3n 23, Boca del R\u00edo y Lizbeth Carmona Dom\u00ednguez, Comandante de la Polic\u00eda Tur\u00edstica.<\/p>\n<p><img loading=\"lazy\" decoding=\"async\" class=\"alignnone size-medium wp-image-65987\" src=\"https:\/\/encuentroinformativo.com.mx\/wp-content\/uploads\/2025\/04\/IMG-20250416-WA0183-300x225.jpg\" alt=\"\" width=\"300\" height=\"225\" srcset=\"https:\/\/encuentroinformativo.com.mx\/wp-content\/uploads\/2025\/04\/IMG-20250416-WA0183-300x225.jpg 300w, https:\/\/encuentroinformativo.com.mx\/wp-content\/uploads\/2025\/04\/IMG-20250416-WA0183-1024x768.jpg 1024w, https:\/\/encuentroinformativo.com.mx\/wp-content\/uploads\/2025\/04\/IMG-20250416-WA0183-768x576.jpg 768w, https:\/\/encuentroinformativo.com.mx\/wp-content\/uploads\/2025\/04\/IMG-20250416-WA0183.jpg 1280w\" sizes=\"auto, (max-width: 300px) 100vw, 300px\" \/><\/p>\n","protected":false},"excerpt":{"rendered":"<p>* Del 7 al 27 de abril, el Gobierno Municipal desplegar\u00e1 m\u00e1s de 500 elementos para garantizar la seguridad de residentes y visitantes. Boca del R\u00edo, Ver.- Boca del R\u00edo est\u00e1 preparado para recibir a miles de visitantes gracias a su moderna infraestructura tur\u00edstica, playas limpias, adem\u00e1s de contar con un ambiente seguro y familiar, [&hellip;]<\/p>\n","protected":false},"author":2476,"featured_media":65986,"comment_status":"open","ping_status":"open","sticky":false,"template":"","format":"standard","meta":{"_jetpack_memberships_contains_paid_content":false,"footnotes":""},"categories":[2],"tags":[],"class_list":["post-65985","post","type-post","status-publish","format-standard","has-post-thumbnail","hentry","category-estado"],"jetpack_featured_media_url":"https:\/\/encuentroinformativo.com.mx\/wp-content\/uploads\/2025\/04\/IMG-20250416-WA0182.jpg","jetpack_sharing_enabled":true,"jetpack_likes_enabled":true,"amp_enabled":true,"_links":{"self":[{"href":"https:\/\/encuentroinformativo.com.mx\/index.php?rest_route=\/wp\/v2\/posts\/65985","targetHints":{"allow":["GET"]}}],"collection":[{"href":"https:\/\/encuentroinformativo.com.mx\/index.php?rest_route=\/wp\/v2\/posts"}],"about":[{"href":"https:\/\/encuentroinformativo.com.mx\/index.php?rest_route=\/wp\/v2\/types\/post"}],"author":[{"embeddable":true,"href":"https:\/\/encuentroinformativo.com.mx\/index.php?rest_route=\/wp\/v2\/users\/2476"}],"replies":[{"embeddable":true,"href":"https:\/\/encuentroinformativo.com.mx\/index.php?rest_route=%2Fwp%2Fv2%2Fcomments&post=65985"}],"version-history":[{"count":1,"href":"https:\/\/encuentroinformativo.com.mx\/index.php?rest_route=\/wp\/v2\/posts\/65985\/revisions"}],"predecessor-version":[{"id":65988,"href":"https:\/\/encuentroinformativo.com.mx\/index.php?rest_route=\/wp\/v2\/posts\/65985\/revisions\/65988"}],"wp:featuredmedia":[{"embeddable":true,"href":"https:\/\/encuentroinformativo.com.mx\/index.php?rest_route=\/wp\/v2\/media\/65986"}],"wp:attachment":[{"href":"https:\/\/encuentroinformativo.com.mx\/index.php?rest_route=%2Fwp%2Fv2%2Fmedia&parent=65985"}],"wp:term":[{"taxonomy":"category","embeddable":true,"href":"https:\/\/encuentroinformativo.com.mx\/index.php?rest_route=%2Fwp%2Fv2%2Fcategories&post=65985"},{"taxonomy":"post_tag","embeddable":true,"href":"https:\/\/encuentroinformativo.com.mx\/index.php?rest_route=%2Fwp%2Fv2%2Ftags&post=65985"}],"curies":[{"name":"wp","href":"https:\/\/api.w.org\/{rel}","templated":true}]}}