{"id":6599,"date":"2020-10-06T16:20:12","date_gmt":"2020-10-06T21:20:12","guid":{"rendered":"https:\/\/encuentroinformativo.com.mx\/?p=6599"},"modified":"2020-10-06T16:20:42","modified_gmt":"2020-10-06T21:20:42","slug":"consejeros-definiran-si-pan-va-en-alianza-hermida","status":"publish","type":"post","link":"https:\/\/encuentroinformativo.com.mx\/?p=6599","title":{"rendered":"Consejeros definir\u00e1n si PAN va en alianza: Hermida"},"content":{"rendered":"\n<p><strong>Alejandro \u00c1vila<\/strong><\/p>\n\n\n\n<p>Veracruz, Ver.- Los cien consejeros estatales del Partido Acci\u00f3n Nacional (PAN) en Veracruz acaban de ser ratificados, son ellos quienes definen si conceder\u00e1n facultades al presidente del partido, Joaqu\u00edn Guzm\u00e1n Avil\u00e9s, para poder suscribir un acuerdo de alianza con otras fuerzas pol\u00edticas para la elecci\u00f3n del 2021.<\/p>\n\n\n\n<p>Para lograr este acuerdo, se requiere la aprobaci\u00f3n de tres cuartas partes del Consejo Estatal, es decir 75 personas; en ese sentido, Miguel Hermida Copado, Consejero Estatal del PAN, dijo que se debe ser muy cuidadoso en el an\u00e1lisis de, en qu\u00e9 municipios se puede hacer alianza y cu\u00e1les no.<\/p>\n\n\n\n<p>\u201cTendr\u00edamos que realizar una reflexi\u00f3n, que es lo que se va a buscar en una sesi\u00f3n del Consejo Estatal, es muy importante valorar, en el Estado en donde hace falta plantear una alianza y en donde el partido tiene la fuerza por si mismo\u201d, apunt\u00f3.<\/p>\n\n\n\n<p>Este proceso que ya se ha estado platicando y que tendr\u00e1 diversas asambleas para debatirlo en los meses de noviembre y diciembre de este a\u00f1o, podr\u00eda quedar definido en enero del 20121.<\/p>\n\n\n\n<p>\u201cDonde le toque al partido Acci\u00f3n Nacional, que sean sus militantes los que decidan quienes sean sus candidatos; es decir, en el municipio en el que le toque al partido Acci\u00f3n Nacional proponer el candidato, ser\u00e1 la militancia la que vote a favor de quien sea su candidato\u201d, expres\u00f3.<\/p>\n\n\n\n<p>En ese sentido, dijo que esta situaci\u00f3n de selecci\u00f3n de candidatos del PAN; es decir la contienda interna, se realizar\u00e1 en febrero y a finales de ese mes deben quedar definidos todos.<\/p>\n\n\n\n<p>\u201cEs una asamblea interna, donde todos los militantes municipales decidir\u00e1n quienes ser\u00e1n sus candidatos a alcaldes y diputados\u201d, remat\u00f3.<\/p>\n","protected":false},"excerpt":{"rendered":"<p>Alejandro \u00c1vila Veracruz, Ver.- Los cien consejeros estatales del Partido Acci\u00f3n Nacional (PAN) en Veracruz acaban de ser ratificados, son ellos quienes definen si conceder\u00e1n facultades al presidente del partido, Joaqu\u00edn Guzm\u00e1n Avil\u00e9s, para poder suscribir un acuerdo de alianza con otras fuerzas pol\u00edticas para la elecci\u00f3n del 2021. Para lograr este acuerdo, se requiere [&hellip;]<\/p>\n","protected":false},"author":1,"featured_media":6600,"comment_status":"open","ping_status":"open","sticky":false,"template":"","format":"standard","meta":{"_jetpack_memberships_contains_paid_content":false,"footnotes":""},"categories":[2],"tags":[],"class_list":["post-6599","post","type-post","status-publish","format-standard","has-post-thumbnail","hentry","category-estado"],"jetpack_featured_media_url":"https:\/\/encuentroinformativo.com.mx\/wp-content\/uploads\/2020\/10\/85D9085B-760F-4200-AD94-03283A1AC2F7.jpeg","jetpack_sharing_enabled":true,"jetpack_likes_enabled":true,"amp_enabled":true,"_links":{"self":[{"href":"https:\/\/encuentroinformativo.com.mx\/index.php?rest_route=\/wp\/v2\/posts\/6599","targetHints":{"allow":["GET"]}}],"collection":[{"href":"https:\/\/encuentroinformativo.com.mx\/index.php?rest_route=\/wp\/v2\/posts"}],"about":[{"href":"https:\/\/encuentroinformativo.com.mx\/index.php?rest_route=\/wp\/v2\/types\/post"}],"author":[{"embeddable":true,"href":"https:\/\/encuentroinformativo.com.mx\/index.php?rest_route=\/wp\/v2\/users\/1"}],"replies":[{"embeddable":true,"href":"https:\/\/encuentroinformativo.com.mx\/index.php?rest_route=%2Fwp%2Fv2%2Fcomments&post=6599"}],"version-history":[{"count":1,"href":"https:\/\/encuentroinformativo.com.mx\/index.php?rest_route=\/wp\/v2\/posts\/6599\/revisions"}],"predecessor-version":[{"id":6601,"href":"https:\/\/encuentroinformativo.com.mx\/index.php?rest_route=\/wp\/v2\/posts\/6599\/revisions\/6601"}],"wp:featuredmedia":[{"embeddable":true,"href":"https:\/\/encuentroinformativo.com.mx\/index.php?rest_route=\/wp\/v2\/media\/6600"}],"wp:attachment":[{"href":"https:\/\/encuentroinformativo.com.mx\/index.php?rest_route=%2Fwp%2Fv2%2Fmedia&parent=6599"}],"wp:term":[{"taxonomy":"category","embeddable":true,"href":"https:\/\/encuentroinformativo.com.mx\/index.php?rest_route=%2Fwp%2Fv2%2Fcategories&post=6599"},{"taxonomy":"post_tag","embeddable":true,"href":"https:\/\/encuentroinformativo.com.mx\/index.php?rest_route=%2Fwp%2Fv2%2Ftags&post=6599"}],"curies":[{"name":"wp","href":"https:\/\/api.w.org\/{rel}","templated":true}]}}