{"id":66011,"date":"2025-04-17T14:47:09","date_gmt":"2025-04-17T20:47:09","guid":{"rendered":"https:\/\/encuentroinformativo.com.mx\/?p=66011"},"modified":"2025-04-17T14:47:09","modified_gmt":"2025-04-17T20:47:09","slug":"feligresia-preparada-para-celebrar-dias-santos-iglesia","status":"publish","type":"post","link":"https:\/\/encuentroinformativo.com.mx\/?p=66011","title":{"rendered":"Feligres\u00eda preparada para celebrar d\u00edas santos: Iglesia"},"content":{"rendered":"<p><strong>Dar\u00edo Pale<\/strong><\/p>\n<p>Xalapa, Ver.- El vocero de la Arquidi\u00f3cesis de Xalapa, Juan Berista\u00edn de los Santos, dijo que con la conclusi\u00f3n de la Cuaresma da inicio el Triduo Pascual, un periodo de profunda significaci\u00f3n espiritual para la feligres\u00eda cat\u00f3lica, que comienza este Jueves Santo con diversas celebraciones lit\u00fargicas en parroquias y templos de la ciudad.<\/p>\n<p>En entrevista explic\u00f3 que este d\u00eda marcan el comienzo de los oficios divinos m\u00e1s representativos de la fe cat\u00f3lica, al recordar la pasi\u00f3n y muerte de Jesucristo.<\/p>\n<p>\u201cY as\u00ed se cumple la meta de la Cuaresma, llevarnos al Triduo Pascual (\u2026) el d\u00eda de hoy, por ejemplo, todas las parroquias de la di\u00f3cesis inician los ritos como son la presencia eucar\u00edstica, el D\u00eda del Sacerdocio y el mandamiento del servicio\u201d, se\u00f1al\u00f3.<\/p>\n<p>En la Catedral Metropolitana de la Inmaculada Concepci\u00f3n de Xalapa, a partir de las 17:00 horas se celebrar\u00e1n misas especiales, y a las 19:00 horas se llevar\u00e1 a cabo la tradicional bendici\u00f3n del pan.<\/p>\n<p>En ese sentido, el prelado destac\u00f3 que la comunidad cat\u00f3lica se encuentra espiritualmente preparada para vivir con devoci\u00f3n estos d\u00edas santos.<\/p>\n<p>\u201cLa gente empieza a desbordar su pasi\u00f3n, as\u00ed lo vemos en las 92 parroquias de la arquidi\u00f3cesis ubicadas en 35 municipios, entre comunidades rurales y urbanas\u201d, coment\u00f3.<\/p>\n<p>Asimismo, refiri\u00f3 que la Semana Santa representa un momento de fortaleza y renovaci\u00f3n para la grey cat\u00f3lica, cuya esencia est\u00e1 en la b\u00fasqueda de una vida nueva, alejada del ego\u00edsmo y m\u00e1s cercana a los principios de la fe.<\/p>\n<p>Finalmente coment\u00f3 que, \u201cpara este viernes se celebrar\u00e1 la pasi\u00f3n y muerte de nuestro Se\u00f1or Jesucristo, por todo lo que sufri\u00f3 por nosotros. Es momento de corresponder, de pedir por la soluci\u00f3n de nuestras dificultades, dejar atr\u00e1s los ego\u00edsmos y renacer como personas para vivir conforme a los mandamientos de nuestra Iglesia\u201d.<\/p>\n","protected":false},"excerpt":{"rendered":"<p>Dar\u00edo Pale Xalapa, Ver.- El vocero de la Arquidi\u00f3cesis de Xalapa, Juan Berista\u00edn de los Santos, dijo que con la conclusi\u00f3n de la Cuaresma da inicio el Triduo Pascual, un periodo de profunda significaci\u00f3n espiritual para la feligres\u00eda cat\u00f3lica, que comienza este Jueves Santo con diversas celebraciones lit\u00fargicas en parroquias y templos de la ciudad. [&hellip;]<\/p>\n","protected":false},"author":2476,"featured_media":66012,"comment_status":"open","ping_status":"open","sticky":false,"template":"","format":"standard","meta":{"_jetpack_memberships_contains_paid_content":false,"footnotes":""},"categories":[2],"tags":[],"class_list":["post-66011","post","type-post","status-publish","format-standard","has-post-thumbnail","hentry","category-estado"],"jetpack_featured_media_url":"https:\/\/encuentroinformativo.com.mx\/wp-content\/uploads\/2025\/04\/IMG-20250417-WA0183.jpg","jetpack_sharing_enabled":true,"jetpack_likes_enabled":true,"amp_enabled":true,"_links":{"self":[{"href":"https:\/\/encuentroinformativo.com.mx\/index.php?rest_route=\/wp\/v2\/posts\/66011","targetHints":{"allow":["GET"]}}],"collection":[{"href":"https:\/\/encuentroinformativo.com.mx\/index.php?rest_route=\/wp\/v2\/posts"}],"about":[{"href":"https:\/\/encuentroinformativo.com.mx\/index.php?rest_route=\/wp\/v2\/types\/post"}],"author":[{"embeddable":true,"href":"https:\/\/encuentroinformativo.com.mx\/index.php?rest_route=\/wp\/v2\/users\/2476"}],"replies":[{"embeddable":true,"href":"https:\/\/encuentroinformativo.com.mx\/index.php?rest_route=%2Fwp%2Fv2%2Fcomments&post=66011"}],"version-history":[{"count":1,"href":"https:\/\/encuentroinformativo.com.mx\/index.php?rest_route=\/wp\/v2\/posts\/66011\/revisions"}],"predecessor-version":[{"id":66013,"href":"https:\/\/encuentroinformativo.com.mx\/index.php?rest_route=\/wp\/v2\/posts\/66011\/revisions\/66013"}],"wp:featuredmedia":[{"embeddable":true,"href":"https:\/\/encuentroinformativo.com.mx\/index.php?rest_route=\/wp\/v2\/media\/66012"}],"wp:attachment":[{"href":"https:\/\/encuentroinformativo.com.mx\/index.php?rest_route=%2Fwp%2Fv2%2Fmedia&parent=66011"}],"wp:term":[{"taxonomy":"category","embeddable":true,"href":"https:\/\/encuentroinformativo.com.mx\/index.php?rest_route=%2Fwp%2Fv2%2Fcategories&post=66011"},{"taxonomy":"post_tag","embeddable":true,"href":"https:\/\/encuentroinformativo.com.mx\/index.php?rest_route=%2Fwp%2Fv2%2Ftags&post=66011"}],"curies":[{"name":"wp","href":"https:\/\/api.w.org\/{rel}","templated":true}]}}