{"id":66017,"date":"2025-04-18T12:35:14","date_gmt":"2025-04-18T18:35:14","guid":{"rendered":"https:\/\/encuentroinformativo.com.mx\/?p=66017"},"modified":"2025-04-18T12:35:14","modified_gmt":"2025-04-18T18:35:14","slug":"campesinos-de-texistepec-denuncian-a-inversionista-extranjero-por-presunta-apropiacion-ilegal-de-terrenos","status":"publish","type":"post","link":"https:\/\/encuentroinformativo.com.mx\/?p=66017","title":{"rendered":"Campesinos de Texistepec denuncian a inversionista extranjero por presunta apropiaci\u00f3n ilegal de terrenos"},"content":{"rendered":"<p><strong>Jos\u00e9 Vargas<\/strong><\/p>\n<p>Texistepec, Ver.- Campesinos organizados y posesionarios de terrenos en el \u00e1rea de la ex azufrera de Texistepec han presentado denuncias formales ante las autoridades contra un inversionista de origen extranjero, a quien acusan de intentar apropiarse de manera irregular de predios en proceso de remediaci\u00f3n ambiental.<\/p>\n<p>Los se\u00f1alamientos est\u00e1n siendo investigados en el marco de la carpeta PGR\/ACY\/330\/2025\/I, as\u00ed como del expediente INM\/SEGOB-128\/013\/2025, lo que indica que el caso se encuentra bajo an\u00e1lisis tanto de instancias ministeriales como migratorias.<\/p>\n<p>Adem\u00e1s, fuentes cercanas a la investigaci\u00f3n confirmaron que elementos de la Secretar\u00eda de Marina est\u00e1n indagando una posible conexi\u00f3n entre el mencionado inversionista y recientes amenazas dirigidas contra el l\u00edder social Domingo Flores, su familia y socios de la Asociaci\u00f3n Civil Unidos Por Texistepec.<\/p>\n<p>Domingo Flores, quien ha encabezado la defensa legal y pac\u00edfica de los terrenos, declar\u00f3 a este medio que, a pesar de las intimidaciones, permanecer\u00e1 en Texistepec para continuar apoyando a la comunidad.<\/p>\n<p>\u201cAqu\u00ed me quedo, con mi gente. No nos vamos a dejar intimidar. Espero que tanto el gobierno federal como el estatal atiendan esta situaci\u00f3n y refuercen la seguridad para quienes hemos sido amenazados\u201d, expres\u00f3.<\/p>\n<p>Los denunciantes aseguran que mantienen la posesi\u00f3n legal de los terrenos y que el proyecto de remediaci\u00f3n ambiental en curso cuenta con sustento jur\u00eddico. Sin embargo, acusan al inversionista de generar divisi\u00f3n social, confusi\u00f3n y de intentar ingresar a la zona sin presentar documentos oficiales ni acuerdos con los leg\u00edtimos posesionarios.<\/p>\n<p>Hasta el momento, las autoridades no han emitido un comunicado oficial sobre los avances de la investigaci\u00f3n, pero se espera que en los pr\u00f3ximos d\u00edas se determinen las acciones correspondientes para garantizar el orden y la seguridad en la regi\u00f3n.<\/p>\n","protected":false},"excerpt":{"rendered":"<p>Jos\u00e9 Vargas Texistepec, Ver.- Campesinos organizados y posesionarios de terrenos en el \u00e1rea de la ex azufrera de Texistepec han presentado denuncias formales ante las autoridades contra un inversionista de origen extranjero, a quien acusan de intentar apropiarse de manera irregular de predios en proceso de remediaci\u00f3n ambiental. Los se\u00f1alamientos est\u00e1n siendo investigados en el [&hellip;]<\/p>\n","protected":false},"author":2476,"featured_media":66018,"comment_status":"open","ping_status":"open","sticky":false,"template":"","format":"standard","meta":{"_jetpack_memberships_contains_paid_content":false,"footnotes":""},"categories":[2],"tags":[],"class_list":["post-66017","post","type-post","status-publish","format-standard","has-post-thumbnail","hentry","category-estado"],"jetpack_featured_media_url":"https:\/\/encuentroinformativo.com.mx\/wp-content\/uploads\/2025\/04\/IMG-20250417-WA0375-scaled.jpg","jetpack_sharing_enabled":true,"jetpack_likes_enabled":true,"amp_enabled":true,"_links":{"self":[{"href":"https:\/\/encuentroinformativo.com.mx\/index.php?rest_route=\/wp\/v2\/posts\/66017","targetHints":{"allow":["GET"]}}],"collection":[{"href":"https:\/\/encuentroinformativo.com.mx\/index.php?rest_route=\/wp\/v2\/posts"}],"about":[{"href":"https:\/\/encuentroinformativo.com.mx\/index.php?rest_route=\/wp\/v2\/types\/post"}],"author":[{"embeddable":true,"href":"https:\/\/encuentroinformativo.com.mx\/index.php?rest_route=\/wp\/v2\/users\/2476"}],"replies":[{"embeddable":true,"href":"https:\/\/encuentroinformativo.com.mx\/index.php?rest_route=%2Fwp%2Fv2%2Fcomments&post=66017"}],"version-history":[{"count":1,"href":"https:\/\/encuentroinformativo.com.mx\/index.php?rest_route=\/wp\/v2\/posts\/66017\/revisions"}],"predecessor-version":[{"id":66019,"href":"https:\/\/encuentroinformativo.com.mx\/index.php?rest_route=\/wp\/v2\/posts\/66017\/revisions\/66019"}],"wp:featuredmedia":[{"embeddable":true,"href":"https:\/\/encuentroinformativo.com.mx\/index.php?rest_route=\/wp\/v2\/media\/66018"}],"wp:attachment":[{"href":"https:\/\/encuentroinformativo.com.mx\/index.php?rest_route=%2Fwp%2Fv2%2Fmedia&parent=66017"}],"wp:term":[{"taxonomy":"category","embeddable":true,"href":"https:\/\/encuentroinformativo.com.mx\/index.php?rest_route=%2Fwp%2Fv2%2Fcategories&post=66017"},{"taxonomy":"post_tag","embeddable":true,"href":"https:\/\/encuentroinformativo.com.mx\/index.php?rest_route=%2Fwp%2Fv2%2Ftags&post=66017"}],"curies":[{"name":"wp","href":"https:\/\/api.w.org\/{rel}","templated":true}]}}