{"id":66024,"date":"2025-04-18T13:56:46","date_gmt":"2025-04-18T19:56:46","guid":{"rendered":"https:\/\/encuentroinformativo.com.mx\/?p=66024"},"modified":"2025-04-18T13:56:46","modified_gmt":"2025-04-18T19:56:46","slug":"apoyara-pc-celebraciones-religiosas","status":"publish","type":"post","link":"https:\/\/encuentroinformativo.com.mx\/?p=66024","title":{"rendered":"Apoyar\u00e1 PC celebraciones religiosas"},"content":{"rendered":"<p><strong>Dar\u00edo Pale<\/strong><\/p>\n<p>Xalapa, Ver.- El director de Protecci\u00f3n Civil municipal de Xalapa Enrique Fonseca Mart\u00ednez, dio a conocer que, acompa\u00f1aran las procesiones de este viernes durante la realizaci\u00f3n del viacrucis y de la procesi\u00f3n del silencio.<\/p>\n<p>En entrevista coment\u00f3: &#8220;Vamos a estar aportando apoyo a algunos puntos que nos pidieron la intervenci\u00f3n, con personal y en algunos casos va a haber tambi\u00e9n ambulancias, por lo que se pueda requerir&#8221;.<\/p>\n<p>La mayor atenci\u00f3n se concentra en la Catedral Metropolitana, donde llegan las procesiones m\u00e1s numerosas este viernes.<\/p>\n<p>&#8220;Tenemos un evento nocturno que viene desde la iglesia La Emperatriz de las Am\u00e9ricas y baja hasta la Catedral Metropolitana, entonces se maneja la procesi\u00f3n del silencio\u201d, coment\u00f3.<\/p>\n<p>\u201cEs una actividad donde hay mucha participaci\u00f3n de la poblaci\u00f3n y ah\u00ed vamos a tener una participaci\u00f3n especial para ofrecer lo necesario a las personas que lo requieran, estamos abiertos a dar la atenci\u00f3n que sea necesaria&#8221;, agreg\u00f3.<\/p>\n<p>De igual forma destac\u00f3 la atenci\u00f3n que han coordinado con otras \u00e1reas para atender al turismo religioso que aumenta durante la Semana Santa.<\/p>\n","protected":false},"excerpt":{"rendered":"<p>Dar\u00edo Pale Xalapa, Ver.- El director de Protecci\u00f3n Civil municipal de Xalapa Enrique Fonseca Mart\u00ednez, dio a conocer que, acompa\u00f1aran las procesiones de este viernes durante la realizaci\u00f3n del viacrucis y de la procesi\u00f3n del silencio. En entrevista coment\u00f3: &#8220;Vamos a estar aportando apoyo a algunos puntos que nos pidieron la intervenci\u00f3n, con personal y [&hellip;]<\/p>\n","protected":false},"author":2476,"featured_media":66025,"comment_status":"open","ping_status":"open","sticky":false,"template":"","format":"standard","meta":{"_jetpack_memberships_contains_paid_content":false,"footnotes":""},"categories":[3],"tags":[],"class_list":["post-66024","post","type-post","status-publish","format-standard","has-post-thumbnail","hentry","category-xalapa"],"jetpack_featured_media_url":"https:\/\/encuentroinformativo.com.mx\/wp-content\/uploads\/2025\/04\/IMG-20250416-WA01652.jpg","jetpack_sharing_enabled":true,"jetpack_likes_enabled":true,"amp_enabled":true,"_links":{"self":[{"href":"https:\/\/encuentroinformativo.com.mx\/index.php?rest_route=\/wp\/v2\/posts\/66024","targetHints":{"allow":["GET"]}}],"collection":[{"href":"https:\/\/encuentroinformativo.com.mx\/index.php?rest_route=\/wp\/v2\/posts"}],"about":[{"href":"https:\/\/encuentroinformativo.com.mx\/index.php?rest_route=\/wp\/v2\/types\/post"}],"author":[{"embeddable":true,"href":"https:\/\/encuentroinformativo.com.mx\/index.php?rest_route=\/wp\/v2\/users\/2476"}],"replies":[{"embeddable":true,"href":"https:\/\/encuentroinformativo.com.mx\/index.php?rest_route=%2Fwp%2Fv2%2Fcomments&post=66024"}],"version-history":[{"count":1,"href":"https:\/\/encuentroinformativo.com.mx\/index.php?rest_route=\/wp\/v2\/posts\/66024\/revisions"}],"predecessor-version":[{"id":66026,"href":"https:\/\/encuentroinformativo.com.mx\/index.php?rest_route=\/wp\/v2\/posts\/66024\/revisions\/66026"}],"wp:featuredmedia":[{"embeddable":true,"href":"https:\/\/encuentroinformativo.com.mx\/index.php?rest_route=\/wp\/v2\/media\/66025"}],"wp:attachment":[{"href":"https:\/\/encuentroinformativo.com.mx\/index.php?rest_route=%2Fwp%2Fv2%2Fmedia&parent=66024"}],"wp:term":[{"taxonomy":"category","embeddable":true,"href":"https:\/\/encuentroinformativo.com.mx\/index.php?rest_route=%2Fwp%2Fv2%2Fcategories&post=66024"},{"taxonomy":"post_tag","embeddable":true,"href":"https:\/\/encuentroinformativo.com.mx\/index.php?rest_route=%2Fwp%2Fv2%2Ftags&post=66024"}],"curies":[{"name":"wp","href":"https:\/\/api.w.org\/{rel}","templated":true}]}}