{"id":66027,"date":"2025-04-18T14:07:30","date_gmt":"2025-04-18T20:07:30","guid":{"rendered":"https:\/\/encuentroinformativo.com.mx\/?p=66027"},"modified":"2025-04-18T14:07:30","modified_gmt":"2025-04-18T20:07:30","slug":"congreso-local-debe-legislar-sobre-corridos-que-hacen-apologia-del-delito","status":"publish","type":"post","link":"https:\/\/encuentroinformativo.com.mx\/?p=66027","title":{"rendered":"Congreso local debe legislar sobre corridos que hacen apolog\u00eda del delito"},"content":{"rendered":"<p><strong>Dar\u00edo Pale<\/strong><\/p>\n<p>Xalapa, Ver.- El Congreso de Veracruz debe de legislar sobre los corridos que hacen apolog\u00eda de la violencia los Legisladores deben seguir el camino de la presidenta Claudia Sheinbaum de promover otros valores como en Quer\u00e9taro, Sinaloa, el Estado de M\u00e9xico, Nayarit, Michoac\u00e1n, Aguascalientes, Canc\u00fan, Chihuahua y Tijuana, ya no se puede cantar ese tipo de m\u00fasica.<\/p>\n<p>El senador de Morena Manuel Huerta Ladr\u00f3n de Guevara, dijo que el Congreso de Veracruz tiene que legislar en la materia, como ya lo est\u00e1n haciendo otros estados.<\/p>\n<p>&#8220;Prohibir no, sino que tienen que fomentar otros valores. Yo creo que el ejemplo que dio la presidenta, hay que seguirlo, hay que promover la cultura popular, pero con otros contenidos&#8221;, coment\u00f3.<\/p>\n<p>La presidenta Claudia Sheinbaum Pardo, llam\u00f3 a promover la m\u00fasica que no haga apolog\u00eda de la violencia.<\/p>\n<p>Finalmente en ese sentido coment\u00f3 que, en estados y municipios como Quer\u00e9taro, Sinaloa, el Estado de M\u00e9xico, Nayarit, Michoac\u00e1n, Aguascalientes, Canc\u00fan, Chihuahua y Tijuana, ya no se puede cantar corridos tumbados.<\/p>\n","protected":false},"excerpt":{"rendered":"<p>Dar\u00edo Pale Xalapa, Ver.- El Congreso de Veracruz debe de legislar sobre los corridos que hacen apolog\u00eda de la violencia los Legisladores deben seguir el camino de la presidenta Claudia Sheinbaum de promover otros valores como en Quer\u00e9taro, Sinaloa, el Estado de M\u00e9xico, Nayarit, Michoac\u00e1n, Aguascalientes, Canc\u00fan, Chihuahua y Tijuana, ya no se puede cantar [&hellip;]<\/p>\n","protected":false},"author":2476,"featured_media":66028,"comment_status":"open","ping_status":"open","sticky":false,"template":"","format":"standard","meta":{"_jetpack_memberships_contains_paid_content":false,"footnotes":""},"categories":[2],"tags":[],"class_list":["post-66027","post","type-post","status-publish","format-standard","has-post-thumbnail","hentry","category-estado"],"jetpack_featured_media_url":"https:\/\/encuentroinformativo.com.mx\/wp-content\/uploads\/2025\/04\/IMG-20250418-WA0091.jpg","jetpack_sharing_enabled":true,"jetpack_likes_enabled":true,"amp_enabled":true,"_links":{"self":[{"href":"https:\/\/encuentroinformativo.com.mx\/index.php?rest_route=\/wp\/v2\/posts\/66027","targetHints":{"allow":["GET"]}}],"collection":[{"href":"https:\/\/encuentroinformativo.com.mx\/index.php?rest_route=\/wp\/v2\/posts"}],"about":[{"href":"https:\/\/encuentroinformativo.com.mx\/index.php?rest_route=\/wp\/v2\/types\/post"}],"author":[{"embeddable":true,"href":"https:\/\/encuentroinformativo.com.mx\/index.php?rest_route=\/wp\/v2\/users\/2476"}],"replies":[{"embeddable":true,"href":"https:\/\/encuentroinformativo.com.mx\/index.php?rest_route=%2Fwp%2Fv2%2Fcomments&post=66027"}],"version-history":[{"count":1,"href":"https:\/\/encuentroinformativo.com.mx\/index.php?rest_route=\/wp\/v2\/posts\/66027\/revisions"}],"predecessor-version":[{"id":66029,"href":"https:\/\/encuentroinformativo.com.mx\/index.php?rest_route=\/wp\/v2\/posts\/66027\/revisions\/66029"}],"wp:featuredmedia":[{"embeddable":true,"href":"https:\/\/encuentroinformativo.com.mx\/index.php?rest_route=\/wp\/v2\/media\/66028"}],"wp:attachment":[{"href":"https:\/\/encuentroinformativo.com.mx\/index.php?rest_route=%2Fwp%2Fv2%2Fmedia&parent=66027"}],"wp:term":[{"taxonomy":"category","embeddable":true,"href":"https:\/\/encuentroinformativo.com.mx\/index.php?rest_route=%2Fwp%2Fv2%2Fcategories&post=66027"},{"taxonomy":"post_tag","embeddable":true,"href":"https:\/\/encuentroinformativo.com.mx\/index.php?rest_route=%2Fwp%2Fv2%2Ftags&post=66027"}],"curies":[{"name":"wp","href":"https:\/\/api.w.org\/{rel}","templated":true}]}}