{"id":66030,"date":"2025-04-18T14:25:51","date_gmt":"2025-04-18T20:25:51","guid":{"rendered":"https:\/\/encuentroinformativo.com.mx\/?p=66030"},"modified":"2025-04-18T14:25:51","modified_gmt":"2025-04-18T20:25:51","slug":"mantiene-ecologista-universal-marcha-a-laguna-verde","status":"publish","type":"post","link":"https:\/\/encuentroinformativo.com.mx\/?p=66030","title":{"rendered":"Mantiene Ecologista Universal marcha a Laguna Verde"},"content":{"rendered":"<p><strong>Dar\u00edo Pale<\/strong><\/p>\n<p>Xalapa, Ver.- El vocero del Movimiento de Resistencia Civil \u201cLa Leyenda de Chucho El Roto\u201d, se\u00f1al\u00f3 que el d\u00eda de hoy de nueva cuenta se juntan los caminos de la lucha social con el Ecologista Universal con m\u00e1s de 40 a\u00f1os, pidiendo al mantenimiento de la planta y de las rutas de evacuaci\u00f3n.<\/p>\n<p>En entrevista coment\u00f3 que, \u201cel d\u00eda de hoy se juntan los caminos de la lucha social y con el amigo ecologista universal Jorge Morales de Chucho el Roto, pues los caminos de la lucha se juntan hacia un solo objetivo, Laguna Verde, el d\u00eda de hoy, con la presencia de amigos en esta marcha que ya por m\u00e1s de 40 a\u00f1os nuestro amigo el ecologista universal ha encaminado, nosotros unimos el camino a esta lucha, a esta presencia\u201d.<\/p>\n<p>Coment\u00f3 que siguen pidiendo el mantenimiento preventivo tanto de las rutas de evacuaci\u00f3n como de la misma planta de energ\u00eda de Laguna Verde, as\u00ed como en contra del cobro desmedido.<\/p>\n<p>Contin\u00faan exigiendo la reclasificaci\u00f3n, \u201cexigir esa reclasificaci\u00f3n, esos cobros justos, esa justicia hacia el pueblo, necesitamos seguir manifestando, seguir apuntalando estos temas por el bien y el beneficio de nuestras familias y de la zona, seguimos pidiendo el mantenimiento correctivo y preventivo pr\u00e1cticamente de las rutas de evacuaci\u00f3n y de la planta de energ\u00eda y las tarifas de energ\u00eda el\u00e9ctrica\u201d.<\/p>\n<p>Finalmente dio a conocer que seguir\u00e1n caminando, los caminos de lucha social se unen y van a continuar, \u201cvamos a seguir solicitando este beneficio para las familias de esta zona gracias\u201d.<\/p>\n","protected":false},"excerpt":{"rendered":"<p>Dar\u00edo Pale Xalapa, Ver.- El vocero del Movimiento de Resistencia Civil \u201cLa Leyenda de Chucho El Roto\u201d, se\u00f1al\u00f3 que el d\u00eda de hoy de nueva cuenta se juntan los caminos de la lucha social con el Ecologista Universal con m\u00e1s de 40 a\u00f1os, pidiendo al mantenimiento de la planta y de las rutas de evacuaci\u00f3n. [&hellip;]<\/p>\n","protected":false},"author":2476,"featured_media":66031,"comment_status":"open","ping_status":"open","sticky":false,"template":"","format":"standard","meta":{"_jetpack_memberships_contains_paid_content":false,"footnotes":""},"categories":[8],"tags":[],"class_list":["post-66030","post","type-post","status-publish","format-standard","has-post-thumbnail","hentry","category-region"],"jetpack_featured_media_url":"https:\/\/encuentroinformativo.com.mx\/wp-content\/uploads\/2025\/04\/IMG-20250418-WA00972.jpg","jetpack_sharing_enabled":true,"jetpack_likes_enabled":true,"amp_enabled":true,"_links":{"self":[{"href":"https:\/\/encuentroinformativo.com.mx\/index.php?rest_route=\/wp\/v2\/posts\/66030","targetHints":{"allow":["GET"]}}],"collection":[{"href":"https:\/\/encuentroinformativo.com.mx\/index.php?rest_route=\/wp\/v2\/posts"}],"about":[{"href":"https:\/\/encuentroinformativo.com.mx\/index.php?rest_route=\/wp\/v2\/types\/post"}],"author":[{"embeddable":true,"href":"https:\/\/encuentroinformativo.com.mx\/index.php?rest_route=\/wp\/v2\/users\/2476"}],"replies":[{"embeddable":true,"href":"https:\/\/encuentroinformativo.com.mx\/index.php?rest_route=%2Fwp%2Fv2%2Fcomments&post=66030"}],"version-history":[{"count":1,"href":"https:\/\/encuentroinformativo.com.mx\/index.php?rest_route=\/wp\/v2\/posts\/66030\/revisions"}],"predecessor-version":[{"id":66032,"href":"https:\/\/encuentroinformativo.com.mx\/index.php?rest_route=\/wp\/v2\/posts\/66030\/revisions\/66032"}],"wp:featuredmedia":[{"embeddable":true,"href":"https:\/\/encuentroinformativo.com.mx\/index.php?rest_route=\/wp\/v2\/media\/66031"}],"wp:attachment":[{"href":"https:\/\/encuentroinformativo.com.mx\/index.php?rest_route=%2Fwp%2Fv2%2Fmedia&parent=66030"}],"wp:term":[{"taxonomy":"category","embeddable":true,"href":"https:\/\/encuentroinformativo.com.mx\/index.php?rest_route=%2Fwp%2Fv2%2Fcategories&post=66030"},{"taxonomy":"post_tag","embeddable":true,"href":"https:\/\/encuentroinformativo.com.mx\/index.php?rest_route=%2Fwp%2Fv2%2Ftags&post=66030"}],"curies":[{"name":"wp","href":"https:\/\/api.w.org\/{rel}","templated":true}]}}