{"id":6604,"date":"2020-10-06T16:51:33","date_gmt":"2020-10-06T21:51:33","guid":{"rendered":"https:\/\/encuentroinformativo.com.mx\/?p=6604"},"modified":"2020-10-06T16:51:36","modified_gmt":"2020-10-06T21:51:36","slug":"de-forma-irregular-rellenan-rio-medio-acusan-vecinos","status":"publish","type":"post","link":"https:\/\/encuentroinformativo.com.mx\/?p=6604","title":{"rendered":"De forma irregular rellenan R\u00edo Medio, acusan vecinos"},"content":{"rendered":"\n<p><strong>Alejandro \u00c1vila<\/strong><\/p>\n\n\n\n<p>Veracruz, Ver.- El R\u00edo Medio en su tramo de la autopista Veracruz \u2013 Cardel y el Camino Real est\u00e1 siendo rellenado de forma clandestina, denuncian vecinos de la zona.<\/p>\n\n\n\n<p>Esta situaci\u00f3n es alarmante, pues debido a la escasez de lluvias y el azolve natural, aunado a las descargas de aguas negras, as\u00ed como el relleno que ahora se ejecuta de forma clandestina, el cuerpo de agua se ubica en la zona norte del municipio de Veracruz, podr\u00eda desaparecer.<\/p>\n\n\n\n<p>Los vecinos denuncian que han visto descargar camiones con toneladas de arena, los cuales desconocen de donde provengan, pues no cuentan con una marca de empresa o si son del Ayuntamiento; ahora, el cuerpo de agua no rebasa los cinco metros de ancho, cuando, aseguran, en a\u00f1os anteriores alcanzaba casi los 10 metros.<\/p>\n\n\n\n<p>A pesar de las denuncias en redes sociales y llamados a las autoridades estatales, la Procuradur\u00eda de Medio Ambiente (PMA) no se ha parado por la zona; los vecinos afirman que este ecocidio no les importa, pues a diferencia de las clausuras o revisiones que han hecho en otros puntos como el basurero municipal, APIVER, la obra de SCT en la Cabeza Olmeca, aqu\u00ed no habr\u00eda quien les pague una multa por presuntamente salvar el ecosistema.<\/p>\n\n\n\n<figure class=\"wp-block-image size-large\"><img loading=\"lazy\" decoding=\"async\" width=\"1024\" height=\"768\" src=\"https:\/\/encuentroinformativo.com.mx\/wp-content\/uploads\/2020\/10\/13004EFD-045B-4457-B5B8-7592041767DB.jpeg\" alt=\"\" class=\"wp-image-6606\" srcset=\"https:\/\/encuentroinformativo.com.mx\/wp-content\/uploads\/2020\/10\/13004EFD-045B-4457-B5B8-7592041767DB.jpeg 1024w, https:\/\/encuentroinformativo.com.mx\/wp-content\/uploads\/2020\/10\/13004EFD-045B-4457-B5B8-7592041767DB-300x225.jpeg 300w, https:\/\/encuentroinformativo.com.mx\/wp-content\/uploads\/2020\/10\/13004EFD-045B-4457-B5B8-7592041767DB-768x576.jpeg 768w\" sizes=\"auto, (max-width: 1024px) 100vw, 1024px\" \/><\/figure>\n","protected":false},"excerpt":{"rendered":"<p>Alejandro \u00c1vila Veracruz, Ver.- El R\u00edo Medio en su tramo de la autopista Veracruz \u2013 Cardel y el Camino Real est\u00e1 siendo rellenado de forma clandestina, denuncian vecinos de la zona. Esta situaci\u00f3n es alarmante, pues debido a la escasez de lluvias y el azolve natural, aunado a las descargas de aguas negras, as\u00ed como [&hellip;]<\/p>\n","protected":false},"author":1,"featured_media":6605,"comment_status":"open","ping_status":"open","sticky":false,"template":"","format":"standard","meta":{"_jetpack_memberships_contains_paid_content":false,"footnotes":""},"categories":[2],"tags":[],"class_list":["post-6604","post","type-post","status-publish","format-standard","has-post-thumbnail","hentry","category-estado"],"jetpack_featured_media_url":"https:\/\/encuentroinformativo.com.mx\/wp-content\/uploads\/2020\/10\/3295806B-FC98-4500-A39F-1F66D47EC0CF.jpeg","jetpack_sharing_enabled":true,"jetpack_likes_enabled":true,"amp_enabled":true,"_links":{"self":[{"href":"https:\/\/encuentroinformativo.com.mx\/index.php?rest_route=\/wp\/v2\/posts\/6604","targetHints":{"allow":["GET"]}}],"collection":[{"href":"https:\/\/encuentroinformativo.com.mx\/index.php?rest_route=\/wp\/v2\/posts"}],"about":[{"href":"https:\/\/encuentroinformativo.com.mx\/index.php?rest_route=\/wp\/v2\/types\/post"}],"author":[{"embeddable":true,"href":"https:\/\/encuentroinformativo.com.mx\/index.php?rest_route=\/wp\/v2\/users\/1"}],"replies":[{"embeddable":true,"href":"https:\/\/encuentroinformativo.com.mx\/index.php?rest_route=%2Fwp%2Fv2%2Fcomments&post=6604"}],"version-history":[{"count":1,"href":"https:\/\/encuentroinformativo.com.mx\/index.php?rest_route=\/wp\/v2\/posts\/6604\/revisions"}],"predecessor-version":[{"id":6607,"href":"https:\/\/encuentroinformativo.com.mx\/index.php?rest_route=\/wp\/v2\/posts\/6604\/revisions\/6607"}],"wp:featuredmedia":[{"embeddable":true,"href":"https:\/\/encuentroinformativo.com.mx\/index.php?rest_route=\/wp\/v2\/media\/6605"}],"wp:attachment":[{"href":"https:\/\/encuentroinformativo.com.mx\/index.php?rest_route=%2Fwp%2Fv2%2Fmedia&parent=6604"}],"wp:term":[{"taxonomy":"category","embeddable":true,"href":"https:\/\/encuentroinformativo.com.mx\/index.php?rest_route=%2Fwp%2Fv2%2Fcategories&post=6604"},{"taxonomy":"post_tag","embeddable":true,"href":"https:\/\/encuentroinformativo.com.mx\/index.php?rest_route=%2Fwp%2Fv2%2Ftags&post=6604"}],"curies":[{"name":"wp","href":"https:\/\/api.w.org\/{rel}","templated":true}]}}