{"id":66053,"date":"2025-04-21T09:41:44","date_gmt":"2025-04-21T15:41:44","guid":{"rendered":"https:\/\/encuentroinformativo.com.mx\/?p=66053"},"modified":"2025-04-21T09:41:44","modified_gmt":"2025-04-21T15:41:44","slug":"lamenta-arquidiocesis-de-xalapa-fallecimiento-del-papa-francisco","status":"publish","type":"post","link":"https:\/\/encuentroinformativo.com.mx\/?p=66053","title":{"rendered":"Lamenta Arquidi\u00f3cesis de Xalapa fallecimiento del Papa Francisco"},"content":{"rendered":"<p><strong>Dar\u00edo Pale<\/strong><\/p>\n<p>Xalapa, Ver.- Debido a que este lunes de pascua a las 07:35 horas de Roma el Papa Francisco falleci\u00f3 en la Casa Santa Martha, as\u00ed lo confirm\u00f3 el cardenal Kevin Farrel en un comunicado, por lo cual en la Catedral Metropolitana de Xalapa a las 08:25 horas tocaron las campanas y celebraron una misa.<\/p>\n<p>En su mensaje el cardenal se\u00f1al\u00f3 lo siguiente: \u201cQueridos hermanos y hermanas, con profundo dolor debo anunciar el fallecimiento de nuestro Santo Padre Francisco, a las 07:35 de esta ma\u00f1ana el Obispo de Roma, Francisco regres\u00f3 a la casa del Padre\u201d.<\/p>\n<p>Esta noticia caus\u00f3 un impacto a nivel nacional, principalmente a los fieles cat\u00f3licos, quienes lamentaron la partida del pont\u00edfice que marc\u00f3 una \u00e9poca con su cercan\u00eda, humildad, y defensa de los m\u00e1s vulnerables.<\/p>\n<p>Por lo que en la capital del estado este d\u00eda a las 08:25 horas en la Catedral Metropolitana sonaron las campanas y ofrecer\u00e1n una celebraci\u00f3n eucar\u00edstica por el fallecimiento del Santo Padre.<\/p>\n<p>Seg\u00fan informaron a trav\u00e9s de las redes sociales, La Arquidi\u00f3cesis de Xalapa escribi\u00f3 del Papa Francisco \u201cSu entrega total como Buen Pastor y su ejemplo de vida como ser humano, cristiano, sacerdote, obispo y Papa dejan huella eterna en el coraz\u00f3n y existencia de muchos de nosotros, disc\u00edpulos misioneros de Jesucristo y de hombres y mujeres de buena voluntad. Reciba el premio de la vida eterna con Jesucristo Resucitado.\u201d<\/p>\n","protected":false},"excerpt":{"rendered":"<p>Dar\u00edo Pale Xalapa, Ver.- Debido a que este lunes de pascua a las 07:35 horas de Roma el Papa Francisco falleci\u00f3 en la Casa Santa Martha, as\u00ed lo confirm\u00f3 el cardenal Kevin Farrel en un comunicado, por lo cual en la Catedral Metropolitana de Xalapa a las 08:25 horas tocaron las campanas y celebraron una [&hellip;]<\/p>\n","protected":false},"author":2476,"featured_media":66054,"comment_status":"open","ping_status":"open","sticky":false,"template":"","format":"standard","meta":{"_jetpack_memberships_contains_paid_content":false,"footnotes":""},"categories":[3],"tags":[],"class_list":["post-66053","post","type-post","status-publish","format-standard","has-post-thumbnail","hentry","category-xalapa"],"jetpack_featured_media_url":"https:\/\/encuentroinformativo.com.mx\/wp-content\/uploads\/2025\/04\/IMG-20250421-WA0040.jpg","jetpack_sharing_enabled":true,"jetpack_likes_enabled":true,"amp_enabled":true,"_links":{"self":[{"href":"https:\/\/encuentroinformativo.com.mx\/index.php?rest_route=\/wp\/v2\/posts\/66053","targetHints":{"allow":["GET"]}}],"collection":[{"href":"https:\/\/encuentroinformativo.com.mx\/index.php?rest_route=\/wp\/v2\/posts"}],"about":[{"href":"https:\/\/encuentroinformativo.com.mx\/index.php?rest_route=\/wp\/v2\/types\/post"}],"author":[{"embeddable":true,"href":"https:\/\/encuentroinformativo.com.mx\/index.php?rest_route=\/wp\/v2\/users\/2476"}],"replies":[{"embeddable":true,"href":"https:\/\/encuentroinformativo.com.mx\/index.php?rest_route=%2Fwp%2Fv2%2Fcomments&post=66053"}],"version-history":[{"count":1,"href":"https:\/\/encuentroinformativo.com.mx\/index.php?rest_route=\/wp\/v2\/posts\/66053\/revisions"}],"predecessor-version":[{"id":66055,"href":"https:\/\/encuentroinformativo.com.mx\/index.php?rest_route=\/wp\/v2\/posts\/66053\/revisions\/66055"}],"wp:featuredmedia":[{"embeddable":true,"href":"https:\/\/encuentroinformativo.com.mx\/index.php?rest_route=\/wp\/v2\/media\/66054"}],"wp:attachment":[{"href":"https:\/\/encuentroinformativo.com.mx\/index.php?rest_route=%2Fwp%2Fv2%2Fmedia&parent=66053"}],"wp:term":[{"taxonomy":"category","embeddable":true,"href":"https:\/\/encuentroinformativo.com.mx\/index.php?rest_route=%2Fwp%2Fv2%2Fcategories&post=66053"},{"taxonomy":"post_tag","embeddable":true,"href":"https:\/\/encuentroinformativo.com.mx\/index.php?rest_route=%2Fwp%2Fv2%2Ftags&post=66053"}],"curies":[{"name":"wp","href":"https:\/\/api.w.org\/{rel}","templated":true}]}}