{"id":66062,"date":"2025-04-21T14:21:31","date_gmt":"2025-04-21T20:21:31","guid":{"rendered":"https:\/\/encuentroinformativo.com.mx\/?p=66062"},"modified":"2025-04-21T14:21:31","modified_gmt":"2025-04-21T20:21:31","slug":"papa-francisco-ejemplo-de-vida-arzobispo-patron-wong","status":"publish","type":"post","link":"https:\/\/encuentroinformativo.com.mx\/?p=66062","title":{"rendered":"Papa Francisco, ejemplo de vida: Arzobispo Patron Wong"},"content":{"rendered":"<p><strong>Dar\u00edo Pale<\/strong><\/p>\n<p>Xalapa, Ver.- El Arzobispo de la Arquidi\u00f3cesis de Xalapa Jorge Carlos Patr\u00f3n Wong dio a conocer en la homil\u00eda de la misa que se celebr\u00f3 por el fallecimiento del Papa Francisco que \u00e9l fue un ejemplo de vida como ser humano, ejemplo de vida como un cristiano, ejemplo de vida como un sacerdote, ejemplo de vida como un obispo, ejemplo de vida como un papa.<\/p>\n<p>Dijo que el Papa Francisco dej\u00f3 todo un ejemplo de vida, \u00e9l siempre hablaba de dos cosas en esta \u00e9poca de pascua una era de c\u00f3mo las mujeres se encuentran con Cristo Resucitado, temor y gran alegr\u00eda, no tener miedo ya que eso paraliza, el miedo te detiene, el miedo es culpa, en cambio el Santo temor de Dios es un don del Esp\u00edritu Santo.<\/p>\n<p>\u201cEl santo temor de Dios es un don del Esp\u00edritu Santo, es amor, es ternura, es cari\u00f1o, y por eso cuando nos encontramos con Cristo siempre debe aparecer ese temor, ese cari\u00f1o, esa ternura, ese amor y mucha alegr\u00eda, las dos cosas\u201d, se\u00f1al\u00f3.<\/p>\n<p>\u201cEntonces estamos seguros que el encuentro que \u00e9l tiene hoy con el viviente, es as\u00ed, lleno de amor, de ternura y con mucha alegr\u00eda, el Papa Francisco es ante todo un ejemplo de vida, ejemplo de vida como ser humano, ejemplo de vida como un cristiano, ejemplo de vida como un sacerdote, ejemplo de vida como un obispo, ejemplo de vida como un papa\u201d, agreg\u00f3.<\/p>\n<p>Lo que el santo padre lo que ense\u00f1aba era el evangelio ya que \u00e9l lo viv\u00eda, \u201cyo nunca pens\u00e9 en mi vida, en mi existencia, vivir ocho a\u00f1os compartiendo todos los d\u00edas con un ser humano que era nada m\u00e1s y nada menos que el Papa, compartir todos los d\u00edas, la vida sencilla y humilde de un ser humano\u201d.<\/p>\n<p>\u201cYo no podr\u00e9 olvidar entre tantos detalles humanos, personal, cuando saliendo de la capilla, despu\u00e9s de la oraci\u00f3n de Espertina, yendo al comedor, le coment\u00e9 al Papa que mi pap\u00e1 estaba muy enfermo, entonces me dice, \u00bfsabes?, vamos a cenar para respetar el horario de la cena comunitaria, y saliendo, me comunicas con tu pap\u00e1, y habl\u00f3 con mi pap\u00e1 unos d\u00edas antes de su fallecimiento, y recuerdo ese di\u00e1logo tan humano, tan sencillo, del Papa Francisco con mi pap\u00e1, y as\u00ed ten\u00eda muchos detalles con todos\u201d, coment\u00f3.<\/p>\n<p>Coment\u00f3 que para un latinoam\u00e9ricano no se entiende ser cristiano sin Mar\u00eda, cada vez que le pide a todos que le recemos a la Virgen, ese cant\u00f3, un c\u00e1ntico muy sencillo pero muy profundo, porque es una oraci\u00f3n que aprendemos todos, dulce madre, no te alejes, tu vista de nosotros no apartes, ven con nosotros a todas partes y nunca solo nos dejes, y ya que nos proteges tanto como verdadera madre, haz que nos bendiga el Padre, el Hijo y el Esp\u00edritu Santo.<\/p>\n<p>\u201cQue sintamos, despu\u00e9s de cada celebraci\u00f3n, el abrazo, el cari\u00f1o, la maternidad de Mar\u00eda y que no olvidemos que somos bautizados, somos cristianos, consagrados a Cristo, un ejemplo, Papa Francisco, de la vida cristiana, c\u00f3mo ser cristiano, tambi\u00e9n un ejemplo como sacerdote, yo siempre admir\u00e9, y lo trato de imitar las cosas que uno admira, c\u00f3mo \u00e9l, desde los primeros que hac\u00eda en la ma\u00f1ana, era orar y meditar el Evangelio y la Palabra de Dios, de la liturgia, de la misa de cada d\u00eda\u201d, dijo.<\/p>\n<p>Finalmente cabe se\u00f1alar que cada tres horas en la Catedral Metropolitana estar\u00e1n rezando un rosario por el Papa Francisco, por su eterno descanso.<\/p>\n","protected":false},"excerpt":{"rendered":"<p>Dar\u00edo Pale Xalapa, Ver.- El Arzobispo de la Arquidi\u00f3cesis de Xalapa Jorge Carlos Patr\u00f3n Wong dio a conocer en la homil\u00eda de la misa que se celebr\u00f3 por el fallecimiento del Papa Francisco que \u00e9l fue un ejemplo de vida como ser humano, ejemplo de vida como un cristiano, ejemplo de vida como un sacerdote, [&hellip;]<\/p>\n","protected":false},"author":2476,"featured_media":66063,"comment_status":"open","ping_status":"open","sticky":false,"template":"","format":"standard","meta":{"_jetpack_memberships_contains_paid_content":false,"footnotes":""},"categories":[2],"tags":[],"class_list":["post-66062","post","type-post","status-publish","format-standard","has-post-thumbnail","hentry","category-estado"],"jetpack_featured_media_url":"https:\/\/encuentroinformativo.com.mx\/wp-content\/uploads\/2025\/04\/IMG-20250421-WA0039.jpg","jetpack_sharing_enabled":true,"jetpack_likes_enabled":true,"amp_enabled":true,"_links":{"self":[{"href":"https:\/\/encuentroinformativo.com.mx\/index.php?rest_route=\/wp\/v2\/posts\/66062","targetHints":{"allow":["GET"]}}],"collection":[{"href":"https:\/\/encuentroinformativo.com.mx\/index.php?rest_route=\/wp\/v2\/posts"}],"about":[{"href":"https:\/\/encuentroinformativo.com.mx\/index.php?rest_route=\/wp\/v2\/types\/post"}],"author":[{"embeddable":true,"href":"https:\/\/encuentroinformativo.com.mx\/index.php?rest_route=\/wp\/v2\/users\/2476"}],"replies":[{"embeddable":true,"href":"https:\/\/encuentroinformativo.com.mx\/index.php?rest_route=%2Fwp%2Fv2%2Fcomments&post=66062"}],"version-history":[{"count":1,"href":"https:\/\/encuentroinformativo.com.mx\/index.php?rest_route=\/wp\/v2\/posts\/66062\/revisions"}],"predecessor-version":[{"id":66064,"href":"https:\/\/encuentroinformativo.com.mx\/index.php?rest_route=\/wp\/v2\/posts\/66062\/revisions\/66064"}],"wp:featuredmedia":[{"embeddable":true,"href":"https:\/\/encuentroinformativo.com.mx\/index.php?rest_route=\/wp\/v2\/media\/66063"}],"wp:attachment":[{"href":"https:\/\/encuentroinformativo.com.mx\/index.php?rest_route=%2Fwp%2Fv2%2Fmedia&parent=66062"}],"wp:term":[{"taxonomy":"category","embeddable":true,"href":"https:\/\/encuentroinformativo.com.mx\/index.php?rest_route=%2Fwp%2Fv2%2Fcategories&post=66062"},{"taxonomy":"post_tag","embeddable":true,"href":"https:\/\/encuentroinformativo.com.mx\/index.php?rest_route=%2Fwp%2Fv2%2Ftags&post=66062"}],"curies":[{"name":"wp","href":"https:\/\/api.w.org\/{rel}","templated":true}]}}