{"id":66073,"date":"2025-04-21T15:50:38","date_gmt":"2025-04-21T21:50:38","guid":{"rendered":"https:\/\/encuentroinformativo.com.mx\/?p=66073"},"modified":"2025-04-21T15:50:38","modified_gmt":"2025-04-21T21:50:38","slug":"investiga-fiscalia-desaparicion-de-comunicador-gobernadora","status":"publish","type":"post","link":"https:\/\/encuentroinformativo.com.mx\/?p=66073","title":{"rendered":"Investiga Fiscal\u00eda desaparici\u00f3n de comunicador: Gobernadora"},"content":{"rendered":"<p><strong>Dar\u00edo Pale<\/strong><\/p>\n<p>Xalapa, Ver.- La Gobernadora Roc\u00edo Nahle Garc\u00eda pidi\u00f3 que no se especule sobre la desaparici\u00f3n del comunicador de P\u00e1nuco, la FGE ya est\u00e1 investigando y se atienden todos los casos, y que solicit\u00f3 a la ciudadan\u00eda que no se deje llevar por noticias falsas que se dan en las redes sociales y que no corresponden al estado de Veracruz.<\/p>\n<p>En una entrevista radiof\u00f3nica la gobernadora de Veracruz dio a conocer que la Fiscal\u00eda General del Estado (FGE), ya est\u00e1 investigando el caso del comunicador que desapareci\u00f3 en P\u00e1nuco, esto a pesar de que los familiares no presentaron denuncia, por lo que buscaron a sus familiares y hasta el dia de ayer pudieron localizar a uno de ellos.<\/p>\n<p>\u201cNo se present\u00f3 denuncia de familiares, se buscaron a los familiares, creo que hasta el d\u00eda de ayer se localiz\u00f3 a un familiar del periodista o de este comunicador, porque no s\u00e9 si tenga la profesi\u00f3n de periodista, pero es comunicador, ayer se localiz\u00f3 creo que a un familiar, pero independientemente de ello, bueno, se inici\u00f3 la investigaci\u00f3n respectiva\u201d, se\u00f1al\u00f3.<\/p>\n<p>\u201cVamos a esperar, mira, es muy importante esperar los resultados de investigaci\u00f3n, no caer en especulaci\u00f3n, se atienden todos los casos, todos los casos, sean periodistas o no sean periodistas, se atienden a todos los casos y vamos a esperar, vamos a esperar, a que nos d\u00e9 una respuesta la Fiscal\u00eda, pero lo que s\u00ed les puedo decir es que se est\u00e1 trabajando, en este y en los dem\u00e1s casos\u201d, agreg\u00f3.<\/p>\n<p>En otro orden de ideas se\u00f1al\u00f3 que le llam\u00f3 mucho la atenci\u00f3n que el d\u00eda de ayer, sobre todo antier que empezaron a suscitarse noticias falsas en las redes de inseguridad, eventos que sucedieron en Sonora o que sucedieron en Honduras, en a\u00f1os anteriores, y dec\u00edan, esta es la violencia que est\u00e1 en Veracruz, y eso no es cierto, no eran eventos de aqu\u00ed en el Estado.<\/p>\n<p>Por \u00faltimo dijo que, \u201ces importante se\u00f1alar que somos m\u00e1s, somos m\u00e1s los que queremos tranquilidad, los que queremos ver en forma positiva, los que trabajamos, porque tambi\u00e9n no nada m\u00e1s es de tener ganas, sino de trabajar, los que trabajamos para tener nuestro estado que merecemos y que queremos, pero bueno, tomar las cosas como son y en el caso de esta denuncia, bueno, la fiscal\u00eda est\u00e1 trabajando\u201d.<\/p>\n","protected":false},"excerpt":{"rendered":"<p>Dar\u00edo Pale Xalapa, Ver.- La Gobernadora Roc\u00edo Nahle Garc\u00eda pidi\u00f3 que no se especule sobre la desaparici\u00f3n del comunicador de P\u00e1nuco, la FGE ya est\u00e1 investigando y se atienden todos los casos, y que solicit\u00f3 a la ciudadan\u00eda que no se deje llevar por noticias falsas que se dan en las redes sociales y que [&hellip;]<\/p>\n","protected":false},"author":2476,"featured_media":66074,"comment_status":"open","ping_status":"open","sticky":false,"template":"","format":"standard","meta":{"_jetpack_memberships_contains_paid_content":false,"footnotes":""},"categories":[2],"tags":[],"class_list":["post-66073","post","type-post","status-publish","format-standard","has-post-thumbnail","hentry","category-estado"],"jetpack_featured_media_url":"https:\/\/encuentroinformativo.com.mx\/wp-content\/uploads\/2025\/04\/IMG-20250421-WA0270.jpg","jetpack_sharing_enabled":true,"jetpack_likes_enabled":true,"amp_enabled":true,"_links":{"self":[{"href":"https:\/\/encuentroinformativo.com.mx\/index.php?rest_route=\/wp\/v2\/posts\/66073","targetHints":{"allow":["GET"]}}],"collection":[{"href":"https:\/\/encuentroinformativo.com.mx\/index.php?rest_route=\/wp\/v2\/posts"}],"about":[{"href":"https:\/\/encuentroinformativo.com.mx\/index.php?rest_route=\/wp\/v2\/types\/post"}],"author":[{"embeddable":true,"href":"https:\/\/encuentroinformativo.com.mx\/index.php?rest_route=\/wp\/v2\/users\/2476"}],"replies":[{"embeddable":true,"href":"https:\/\/encuentroinformativo.com.mx\/index.php?rest_route=%2Fwp%2Fv2%2Fcomments&post=66073"}],"version-history":[{"count":1,"href":"https:\/\/encuentroinformativo.com.mx\/index.php?rest_route=\/wp\/v2\/posts\/66073\/revisions"}],"predecessor-version":[{"id":66075,"href":"https:\/\/encuentroinformativo.com.mx\/index.php?rest_route=\/wp\/v2\/posts\/66073\/revisions\/66075"}],"wp:featuredmedia":[{"embeddable":true,"href":"https:\/\/encuentroinformativo.com.mx\/index.php?rest_route=\/wp\/v2\/media\/66074"}],"wp:attachment":[{"href":"https:\/\/encuentroinformativo.com.mx\/index.php?rest_route=%2Fwp%2Fv2%2Fmedia&parent=66073"}],"wp:term":[{"taxonomy":"category","embeddable":true,"href":"https:\/\/encuentroinformativo.com.mx\/index.php?rest_route=%2Fwp%2Fv2%2Fcategories&post=66073"},{"taxonomy":"post_tag","embeddable":true,"href":"https:\/\/encuentroinformativo.com.mx\/index.php?rest_route=%2Fwp%2Fv2%2Ftags&post=66073"}],"curies":[{"name":"wp","href":"https:\/\/api.w.org\/{rel}","templated":true}]}}