{"id":66079,"date":"2025-04-21T19:18:08","date_gmt":"2025-04-22T01:18:08","guid":{"rendered":"https:\/\/encuentroinformativo.com.mx\/?p=66079"},"modified":"2025-04-21T19:18:08","modified_gmt":"2025-04-22T01:18:08","slug":"conmemora-congreso-la-gesta-heroica-de-la-defensa-del-puerto-de-veracruz","status":"publish","type":"post","link":"https:\/\/encuentroinformativo.com.mx\/?p=66079","title":{"rendered":"Conmemora Congreso la gesta heroica de la defensa del puerto de Veracruz"},"content":{"rendered":"<p><strong>* El 21 de abril de 1914, militares y poblaci\u00f3n se unieron con valent\u00eda para enfrentar a la invasi\u00f3n norteamericana.<\/strong><\/p>\n<p style=\"font-weight: 400;\">Xalapa, Ver.- En la explanada del Palacio Legislativo y con un acto c\u00edvico, autoridades de la LXVII Legislatura conmemoraron el CXI aniversario de la gesta heroica de la defensa del puerto de Veracruz.<\/p>\n<p style=\"font-weight: 400;\">En el uso de la voz, el titular de la Secretar\u00eda de Servicios Legislativos, Sebasti\u00e1n Clemente Morales, expres\u00f3 que la defensa de la patria es para las y los mexicanos un deber permanente, ineludible y supremo. \u201cLa soberan\u00eda, la paz y el bienestar de nuestro pueblo son nuestra causa y raz\u00f3n de ser\u201d, a\u00f1adi\u00f3.<\/p>\n<p style=\"font-weight: 400;\">Ante la presencia del diputado Jos\u00e9 Reveriano Mar\u00edn Hern\u00e1ndez y de la diputada Roxana Barrag\u00e1n Hern\u00e1ndez, el funcionario dijo que el legado de los cadetes, marinos y poblaci\u00f3n que participaron aquel 21 de abril vivir\u00e1 en la memoria de todas y todos los mexicanos y que su ejemplo inspira a continuar la lucha por una sociedad m\u00e1s justa, incluyente y libre.<\/p>\n<p style=\"font-weight: 400;\">Previamente y tras los honores al l\u00e1baro patrio, el secretario record\u00f3 que el 21 de abril de 1914 los cadetes de la Escuela Naval Militar y el pueblo veracruzano se unieron en contra de la intervenci\u00f3n norteamericana y que, con valent\u00eda y determinaci\u00f3n, defendieron su tierra y pueblo.<\/p>\n<p style=\"font-weight: 400;\">Agreg\u00f3 que, en esa fecha, los veracruzanos fueron sorprendidos por la infanter\u00eda de la marina estadunidense que buscaba apoderarse de un cargamento de artiller\u00eda que servir\u00eda para enfrentar a los invasores, \u201csin embargo, civiles y militares ejemplares defendieron heroicamente la soberan\u00eda nacional\u201d.<\/p>\n<p style=\"font-weight: 400;\">Asimismo, record\u00f3 al teniente Jos\u00e9 Azueta Abad y al cadete Virgilio Uribe Robles, quienes con valor tomaron las armas para defender a la patria, ofreciendo una valiente resistencia, \u201cmotivo por el cual nuestra emblem\u00e1tica Escuela Naval Militar recibi\u00f3 el t\u00edtulo de Heroica\u201d.<\/p>\n<p style=\"font-weight: 400;\">En este acto c\u00edvico se cont\u00f3 con la participaci\u00f3n de la escolta y la banda de guerra del Sindicato \u00danico de Trabajadores al Servicio del Poder Legislativo (SUTSPL) y la asistencia del secretario general, Domingo Bahena Corbal\u00e1; la secretaria de Fiscalizaci\u00f3n, Alma Leticia Pati\u00f1o Gabriel; el secretario de Servicios Administrativos y Financieros, Alfredo Alberto Mart\u00ednez G\u00f3mez; el director de Recursos Humanos, Francisco Javier Ram\u00edrez Hern\u00e1ndez; la directora de Recursos Materiales y Servicios Generales, Ana Patricia Gonz\u00e1lez Bautista y la directora de Tesorer\u00eda, Iveth Mart\u00ednez Hern\u00e1ndez, as\u00ed como coordinadores, directores, jefes de departamento y personal administrativo de las diversas \u00e1reas del Congreso del Estado.<\/p>\n<p><img loading=\"lazy\" decoding=\"async\" class=\"alignnone size-medium wp-image-66081\" src=\"https:\/\/encuentroinformativo.com.mx\/wp-content\/uploads\/2025\/04\/21ABRIL2025AC.5-300x200.jpeg\" alt=\"\" width=\"300\" height=\"200\" srcset=\"https:\/\/encuentroinformativo.com.mx\/wp-content\/uploads\/2025\/04\/21ABRIL2025AC.5-300x200.jpeg 300w, https:\/\/encuentroinformativo.com.mx\/wp-content\/uploads\/2025\/04\/21ABRIL2025AC.5-1024x684.jpeg 1024w, https:\/\/encuentroinformativo.com.mx\/wp-content\/uploads\/2025\/04\/21ABRIL2025AC.5-768x513.jpeg 768w, https:\/\/encuentroinformativo.com.mx\/wp-content\/uploads\/2025\/04\/21ABRIL2025AC.5-1536x1025.jpeg 1536w, https:\/\/encuentroinformativo.com.mx\/wp-content\/uploads\/2025\/04\/21ABRIL2025AC.5.jpeg 1600w\" sizes=\"auto, (max-width: 300px) 100vw, 300px\" \/><\/p>\n<p style=\"font-weight: 400;\">\n","protected":false},"excerpt":{"rendered":"<p>* El 21 de abril de 1914, militares y poblaci\u00f3n se unieron con valent\u00eda para enfrentar a la invasi\u00f3n norteamericana. Xalapa, Ver.- En la explanada del Palacio Legislativo y con un acto c\u00edvico, autoridades de la LXVII Legislatura conmemoraron el CXI aniversario de la gesta heroica de la defensa del puerto de Veracruz. En el [&hellip;]<\/p>\n","protected":false},"author":2476,"featured_media":66080,"comment_status":"open","ping_status":"open","sticky":false,"template":"","format":"standard","meta":{"_jetpack_memberships_contains_paid_content":false,"footnotes":""},"categories":[2],"tags":[],"class_list":["post-66079","post","type-post","status-publish","format-standard","has-post-thumbnail","hentry","category-estado"],"jetpack_featured_media_url":"https:\/\/encuentroinformativo.com.mx\/wp-content\/uploads\/2025\/04\/21ABRIL2025AC.1.jpeg","jetpack_sharing_enabled":true,"jetpack_likes_enabled":true,"amp_enabled":true,"_links":{"self":[{"href":"https:\/\/encuentroinformativo.com.mx\/index.php?rest_route=\/wp\/v2\/posts\/66079","targetHints":{"allow":["GET"]}}],"collection":[{"href":"https:\/\/encuentroinformativo.com.mx\/index.php?rest_route=\/wp\/v2\/posts"}],"about":[{"href":"https:\/\/encuentroinformativo.com.mx\/index.php?rest_route=\/wp\/v2\/types\/post"}],"author":[{"embeddable":true,"href":"https:\/\/encuentroinformativo.com.mx\/index.php?rest_route=\/wp\/v2\/users\/2476"}],"replies":[{"embeddable":true,"href":"https:\/\/encuentroinformativo.com.mx\/index.php?rest_route=%2Fwp%2Fv2%2Fcomments&post=66079"}],"version-history":[{"count":2,"href":"https:\/\/encuentroinformativo.com.mx\/index.php?rest_route=\/wp\/v2\/posts\/66079\/revisions"}],"predecessor-version":[{"id":66083,"href":"https:\/\/encuentroinformativo.com.mx\/index.php?rest_route=\/wp\/v2\/posts\/66079\/revisions\/66083"}],"wp:featuredmedia":[{"embeddable":true,"href":"https:\/\/encuentroinformativo.com.mx\/index.php?rest_route=\/wp\/v2\/media\/66080"}],"wp:attachment":[{"href":"https:\/\/encuentroinformativo.com.mx\/index.php?rest_route=%2Fwp%2Fv2%2Fmedia&parent=66079"}],"wp:term":[{"taxonomy":"category","embeddable":true,"href":"https:\/\/encuentroinformativo.com.mx\/index.php?rest_route=%2Fwp%2Fv2%2Fcategories&post=66079"},{"taxonomy":"post_tag","embeddable":true,"href":"https:\/\/encuentroinformativo.com.mx\/index.php?rest_route=%2Fwp%2Fv2%2Ftags&post=66079"}],"curies":[{"name":"wp","href":"https:\/\/api.w.org\/{rel}","templated":true}]}}