{"id":66084,"date":"2025-04-21T19:31:24","date_gmt":"2025-04-22T01:31:24","guid":{"rendered":"https:\/\/encuentroinformativo.com.mx\/?p=66084"},"modified":"2025-04-21T19:31:24","modified_gmt":"2025-04-22T01:31:24","slug":"ecos-de-la-infancia-una-exposicion-que-celebra-la-memoria-la-ninez-y-la-tradicion","status":"publish","type":"post","link":"https:\/\/encuentroinformativo.com.mx\/?p=66084","title":{"rendered":"Ecos de la Infancia, una exposici\u00f3n que celebra la memoria, la ni\u00f1ez y la tradici\u00f3n"},"content":{"rendered":"<p><strong>* Este mi\u00e9rcoles, en el Palacio Legislativo, Jes\u00fas Sa\u00ed presenta obra gr\u00e1fica y escult\u00f3rica.<\/strong><\/p>\n<p style=\"font-weight: 400;\">Xalapa, Ver.- Este 23 de abril, en el Palacio Legislativo, el artista veracruzano Jes\u00fas Sa\u00ed presentar\u00e1 su exposici\u00f3n <em>Ecos de la Infancia<\/em>, una entra\u00f1able muestra que re\u00fane obra gr\u00e1fica y esculturas inspiradas en el universo infantil y en las tradiciones culturales mexicanas.<\/p>\n<p style=\"font-weight: 400;\">De acuerdo con el autor, \u201clas piezas retratan escenas llenas de simbolismo y ternura: Juegos, costumbres, momentos cotidianos y rituales que nos conectan con nuestras ra\u00edces\u201d. La mirada inocente de la infancia, a\u00f1adi\u00f3, se convierte aqu\u00ed en un canal poderoso para evocar la identidad, la memoria y el sentido de comunidad.<\/p>\n<p style=\"font-weight: 400;\">En entrevista, Jes\u00fas Sa\u00ed explic\u00f3 que\u00a0<em>Ecos de la Infancia<\/em>\u00a0\u201ces un homenaje visual a lo que fuimos y a lo que permanece en nosotros\u201d. Cada obra \u2014ya sea ilustraci\u00f3n o escultura\u2014 est\u00e1 trabajada con un profundo respeto por el arte popular, mezclando t\u00e9cnica, emoci\u00f3n y narrativa.<\/p>\n<p style=\"font-weight: 400;\">En cada pieza de esta exposici\u00f3n, Jes\u00fas Sa\u00ed ha plasmado \u201crecuerdos m\u00edos, de mi infancia, en cuanto a cultura general, religiosos, econ\u00f3micos, juegos, tradiciones, costumbres, gastronom\u00eda\u2026\u201d.<\/p>\n<p style=\"font-weight: 400;\">A trav\u00e9s del arte -precis\u00f3- se busca concientizar a los padres acerca de la importancia de fomentar en las nuevas generaciones el conocimiento de los juegos tradicionales que se han ido perdiendo.<\/p>\n<p style=\"font-weight: 400;\">La inauguraci\u00f3n ser\u00e1 este mi\u00e9rcoles a las 17:00 horas en la explanada del recinto y estar\u00e1 abierta al p\u00fablico en general hasta el 22 de mayo pr\u00f3ximo.<\/p>\n","protected":false},"excerpt":{"rendered":"<p>* Este mi\u00e9rcoles, en el Palacio Legislativo, Jes\u00fas Sa\u00ed presenta obra gr\u00e1fica y escult\u00f3rica. Xalapa, Ver.- Este 23 de abril, en el Palacio Legislativo, el artista veracruzano Jes\u00fas Sa\u00ed presentar\u00e1 su exposici\u00f3n Ecos de la Infancia, una entra\u00f1able muestra que re\u00fane obra gr\u00e1fica y esculturas inspiradas en el universo infantil y en las tradiciones culturales [&hellip;]<\/p>\n","protected":false},"author":2476,"featured_media":66087,"comment_status":"open","ping_status":"open","sticky":false,"template":"","format":"standard","meta":{"_jetpack_memberships_contains_paid_content":false,"footnotes":""},"categories":[2],"tags":[],"class_list":["post-66084","post","type-post","status-publish","format-standard","has-post-thumbnail","hentry","category-estado"],"jetpack_featured_media_url":"https:\/\/encuentroinformativo.com.mx\/wp-content\/uploads\/2025\/04\/NOV21ABRIL2025PREVIOECOS22.jpeg","jetpack_sharing_enabled":true,"jetpack_likes_enabled":true,"amp_enabled":true,"_links":{"self":[{"href":"https:\/\/encuentroinformativo.com.mx\/index.php?rest_route=\/wp\/v2\/posts\/66084","targetHints":{"allow":["GET"]}}],"collection":[{"href":"https:\/\/encuentroinformativo.com.mx\/index.php?rest_route=\/wp\/v2\/posts"}],"about":[{"href":"https:\/\/encuentroinformativo.com.mx\/index.php?rest_route=\/wp\/v2\/types\/post"}],"author":[{"embeddable":true,"href":"https:\/\/encuentroinformativo.com.mx\/index.php?rest_route=\/wp\/v2\/users\/2476"}],"replies":[{"embeddable":true,"href":"https:\/\/encuentroinformativo.com.mx\/index.php?rest_route=%2Fwp%2Fv2%2Fcomments&post=66084"}],"version-history":[{"count":1,"href":"https:\/\/encuentroinformativo.com.mx\/index.php?rest_route=\/wp\/v2\/posts\/66084\/revisions"}],"predecessor-version":[{"id":66086,"href":"https:\/\/encuentroinformativo.com.mx\/index.php?rest_route=\/wp\/v2\/posts\/66084\/revisions\/66086"}],"wp:featuredmedia":[{"embeddable":true,"href":"https:\/\/encuentroinformativo.com.mx\/index.php?rest_route=\/wp\/v2\/media\/66087"}],"wp:attachment":[{"href":"https:\/\/encuentroinformativo.com.mx\/index.php?rest_route=%2Fwp%2Fv2%2Fmedia&parent=66084"}],"wp:term":[{"taxonomy":"category","embeddable":true,"href":"https:\/\/encuentroinformativo.com.mx\/index.php?rest_route=%2Fwp%2Fv2%2Fcategories&post=66084"},{"taxonomy":"post_tag","embeddable":true,"href":"https:\/\/encuentroinformativo.com.mx\/index.php?rest_route=%2Fwp%2Fv2%2Ftags&post=66084"}],"curies":[{"name":"wp","href":"https:\/\/api.w.org\/{rel}","templated":true}]}}