{"id":66094,"date":"2025-04-22T09:03:09","date_gmt":"2025-04-22T15:03:09","guid":{"rendered":"https:\/\/encuentroinformativo.com.mx\/?p=66094"},"modified":"2025-04-22T09:03:09","modified_gmt":"2025-04-22T15:03:09","slug":"educacion-en-linea-clave-para-combatir-rezago-academico-senala-regidora","status":"publish","type":"post","link":"https:\/\/encuentroinformativo.com.mx\/?p=66094","title":{"rendered":"Educaci\u00f3n en l\u00ednea clave para combatir rezago acad\u00e9mico, se\u00f1ala Regidora"},"content":{"rendered":"<p><strong>Alejandro \u00c1vila<\/strong><\/p>\n<p>Veracruz, Ver.- La educaci\u00f3n en l\u00ednea es un detonante clave para combatir el rezago acad\u00e9mico que existe en la entidad veracruzana, se\u00f1al\u00f3 a la regidora, Lissethe Mart\u00ednez Echeverr\u00eda.<\/p>\n<p>El municipio de Veracruz se encuentra entre los primeros lugares estatales de analfabetismo y rezago educativo, es por ello que la edil de Morena activ\u00f3 un programa para que hombres y mujeres pudieran culminar su bachillerato.<\/p>\n<p>&#8220;Para m\u00ed es un gran orgullo ser parte de este crecimiento profesional, y de su desarrollo econ\u00f3mico y emocional. Este es un sistema muy importante porque podemos desarrollar nuestro conocimiento en sistemas computacionales, las redes sociales, las plataformas digitales, la verdad es que es un desarrollo integral a trav\u00e9s de su educaci\u00f3n de bachillerato&#8221;, subray\u00f3.<\/p>\n<p>Es de mencionar que, esta es la cuarta generaci\u00f3n que se grad\u00faa a trav\u00e9s del Sistema Emergente Educativo de la Secretar\u00eda de Educaci\u00f3n de Veracruz (SEV), con lo cual los jarochos tendr\u00e1n una oportunidad mayor de conseguir espacios laborales mejor remunerados econ\u00f3micamente.<\/p>\n<p>Lissethe Mart\u00ednez destac\u00f3 que los diferentes proyectos y programas que gestiona a trav\u00e9s de la regidur\u00eda a su cargo, se beneficia a cerca de mil personas al a\u00f1o en temas educativos.<\/p>\n","protected":false},"excerpt":{"rendered":"<p>Alejandro \u00c1vila Veracruz, Ver.- La educaci\u00f3n en l\u00ednea es un detonante clave para combatir el rezago acad\u00e9mico que existe en la entidad veracruzana, se\u00f1al\u00f3 a la regidora, Lissethe Mart\u00ednez Echeverr\u00eda. El municipio de Veracruz se encuentra entre los primeros lugares estatales de analfabetismo y rezago educativo, es por ello que la edil de Morena activ\u00f3 [&hellip;]<\/p>\n","protected":false},"author":2476,"featured_media":66095,"comment_status":"open","ping_status":"open","sticky":false,"template":"","format":"standard","meta":{"_jetpack_memberships_contains_paid_content":false,"footnotes":""},"categories":[2],"tags":[],"class_list":["post-66094","post","type-post","status-publish","format-standard","has-post-thumbnail","hentry","category-estado"],"jetpack_featured_media_url":"https:\/\/encuentroinformativo.com.mx\/wp-content\/uploads\/2025\/04\/IMG-20250422-WA00222-scaled.jpg","jetpack_sharing_enabled":true,"jetpack_likes_enabled":true,"amp_enabled":true,"_links":{"self":[{"href":"https:\/\/encuentroinformativo.com.mx\/index.php?rest_route=\/wp\/v2\/posts\/66094","targetHints":{"allow":["GET"]}}],"collection":[{"href":"https:\/\/encuentroinformativo.com.mx\/index.php?rest_route=\/wp\/v2\/posts"}],"about":[{"href":"https:\/\/encuentroinformativo.com.mx\/index.php?rest_route=\/wp\/v2\/types\/post"}],"author":[{"embeddable":true,"href":"https:\/\/encuentroinformativo.com.mx\/index.php?rest_route=\/wp\/v2\/users\/2476"}],"replies":[{"embeddable":true,"href":"https:\/\/encuentroinformativo.com.mx\/index.php?rest_route=%2Fwp%2Fv2%2Fcomments&post=66094"}],"version-history":[{"count":1,"href":"https:\/\/encuentroinformativo.com.mx\/index.php?rest_route=\/wp\/v2\/posts\/66094\/revisions"}],"predecessor-version":[{"id":66096,"href":"https:\/\/encuentroinformativo.com.mx\/index.php?rest_route=\/wp\/v2\/posts\/66094\/revisions\/66096"}],"wp:featuredmedia":[{"embeddable":true,"href":"https:\/\/encuentroinformativo.com.mx\/index.php?rest_route=\/wp\/v2\/media\/66095"}],"wp:attachment":[{"href":"https:\/\/encuentroinformativo.com.mx\/index.php?rest_route=%2Fwp%2Fv2%2Fmedia&parent=66094"}],"wp:term":[{"taxonomy":"category","embeddable":true,"href":"https:\/\/encuentroinformativo.com.mx\/index.php?rest_route=%2Fwp%2Fv2%2Fcategories&post=66094"},{"taxonomy":"post_tag","embeddable":true,"href":"https:\/\/encuentroinformativo.com.mx\/index.php?rest_route=%2Fwp%2Fv2%2Ftags&post=66094"}],"curies":[{"name":"wp","href":"https:\/\/api.w.org\/{rel}","templated":true}]}}