{"id":66102,"date":"2025-04-22T09:17:25","date_gmt":"2025-04-22T15:17:25","guid":{"rendered":"https:\/\/encuentroinformativo.com.mx\/?p=66102"},"modified":"2025-04-22T09:17:25","modified_gmt":"2025-04-22T15:17:25","slug":"por-despido-en-ayuntamiento-de-juchique-piden-ayuda-a-esteban-bautista","status":"publish","type":"post","link":"https:\/\/encuentroinformativo.com.mx\/?p=66102","title":{"rendered":"Por despido en Ayuntamiento de Juchique, piden ayuda a Esteban Bautista\u00a0"},"content":{"rendered":"<p><strong>Alejandro \u00c1vila<\/strong><\/p>\n<p>Veracruz, Ver.- Empleados del municipio de Juchique de Ferrer despedidos en marzo del 2022 solicitan el apoyo del presidente de la Junta de Coordinaci\u00f3n Pol\u00edtica (JUCOPO) del Congreso de Veracruz, Esteban Bautista Hern\u00e1ndez, pues aseguran que el alcalde, Cruz Ulises Cuevas Hern\u00e1ndez, se ha negado a recibir las diligencias para su reinstalaci\u00f3n.<\/p>\n<p>Los afectados se\u00f1alan que a tres a\u00f1os del despido injustificado de ocho mujeres y dos hombres sindicalizados, se contin\u00faan violentando sus derechos laborales; de estos diez despidos ya existen dos laudos laborales ganados, los cuales ha ignorado el municipe juchiquense, pues le ha negado el acceso a los actuarios del Tribunal de Conciliaci\u00f3n y Arbitraje del Poder Judicial del Estado de Veracruz.<\/p>\n<p>Las \u00faltimas visitas de los actuarios han sido en este 2025, una en el mes de febrero, otra de marzo y, por \u00faltimo, el 15 de abril, donde les han sido cerradas las puertas del Palacio Municipal para que no se entrevisten con el alcalde, qui\u00e9n tendr\u00eda por ley que reinstalar a los sindicalizados que por capricho despidi\u00f3.<\/p>\n<p>De la misma manera, los ex empleados acusan a la s\u00edndica, Eutiquia Mart\u00ednez Mac\u00edas y, a la presidenta del Congreso de Veracruz, Tanya Carola Viveros Ch\u00e1zaro, quienes se reunieron en Xalapa el pasado 14 de abril y, a pesar de mencionar ante medios de comunicaci\u00f3n sobre erradicar la violencia pol\u00edtica en raz\u00f3n de g\u00e9nero, poco les ha importado su situaci\u00f3n.<\/p>\n","protected":false},"excerpt":{"rendered":"<p>Alejandro \u00c1vila Veracruz, Ver.- Empleados del municipio de Juchique de Ferrer despedidos en marzo del 2022 solicitan el apoyo del presidente de la Junta de Coordinaci\u00f3n Pol\u00edtica (JUCOPO) del Congreso de Veracruz, Esteban Bautista Hern\u00e1ndez, pues aseguran que el alcalde, Cruz Ulises Cuevas Hern\u00e1ndez, se ha negado a recibir las diligencias para su reinstalaci\u00f3n. Los [&hellip;]<\/p>\n","protected":false},"author":2476,"featured_media":66103,"comment_status":"open","ping_status":"open","sticky":false,"template":"","format":"standard","meta":{"_jetpack_memberships_contains_paid_content":false,"footnotes":""},"categories":[2],"tags":[],"class_list":["post-66102","post","type-post","status-publish","format-standard","has-post-thumbnail","hentry","category-estado"],"jetpack_featured_media_url":"https:\/\/encuentroinformativo.com.mx\/wp-content\/uploads\/2025\/04\/IMG-20250422-WA0067.jpg","jetpack_sharing_enabled":true,"jetpack_likes_enabled":true,"amp_enabled":true,"_links":{"self":[{"href":"https:\/\/encuentroinformativo.com.mx\/index.php?rest_route=\/wp\/v2\/posts\/66102","targetHints":{"allow":["GET"]}}],"collection":[{"href":"https:\/\/encuentroinformativo.com.mx\/index.php?rest_route=\/wp\/v2\/posts"}],"about":[{"href":"https:\/\/encuentroinformativo.com.mx\/index.php?rest_route=\/wp\/v2\/types\/post"}],"author":[{"embeddable":true,"href":"https:\/\/encuentroinformativo.com.mx\/index.php?rest_route=\/wp\/v2\/users\/2476"}],"replies":[{"embeddable":true,"href":"https:\/\/encuentroinformativo.com.mx\/index.php?rest_route=%2Fwp%2Fv2%2Fcomments&post=66102"}],"version-history":[{"count":1,"href":"https:\/\/encuentroinformativo.com.mx\/index.php?rest_route=\/wp\/v2\/posts\/66102\/revisions"}],"predecessor-version":[{"id":66104,"href":"https:\/\/encuentroinformativo.com.mx\/index.php?rest_route=\/wp\/v2\/posts\/66102\/revisions\/66104"}],"wp:featuredmedia":[{"embeddable":true,"href":"https:\/\/encuentroinformativo.com.mx\/index.php?rest_route=\/wp\/v2\/media\/66103"}],"wp:attachment":[{"href":"https:\/\/encuentroinformativo.com.mx\/index.php?rest_route=%2Fwp%2Fv2%2Fmedia&parent=66102"}],"wp:term":[{"taxonomy":"category","embeddable":true,"href":"https:\/\/encuentroinformativo.com.mx\/index.php?rest_route=%2Fwp%2Fv2%2Fcategories&post=66102"},{"taxonomy":"post_tag","embeddable":true,"href":"https:\/\/encuentroinformativo.com.mx\/index.php?rest_route=%2Fwp%2Fv2%2Ftags&post=66102"}],"curies":[{"name":"wp","href":"https:\/\/api.w.org\/{rel}","templated":true}]}}