{"id":66111,"date":"2025-04-22T13:26:37","date_gmt":"2025-04-22T19:26:37","guid":{"rendered":"https:\/\/encuentroinformativo.com.mx\/?p=66111"},"modified":"2025-04-22T13:26:37","modified_gmt":"2025-04-22T19:26:37","slug":"sucesor-de-papa-francisco-podria-proceder-de-africa","status":"publish","type":"post","link":"https:\/\/encuentroinformativo.com.mx\/?p=66111","title":{"rendered":"Sucesor de Papa Francisco podr\u00eda proceder de \u00c1frica"},"content":{"rendered":"<p><strong>Dar\u00edo Pale<\/strong><\/p>\n<p>Xalapa, Ver.- La Arquidi\u00f3cesis de Xalapa no descarta que el sucesor del Papa Francisco sea un Papa Negro, ya le toca a \u00c1frica a\u00fan no sale humo blanco, as\u00ed lo dio a conocer el vocero de la Arquidi\u00f3cesis de Xalapa, Juan Berist\u00e1in de los Santos.<\/p>\n<p>En entrevista no descart\u00f3 que el pr\u00f3ximo Papa pueda ser negro, &#8220;en esa posibilidad, hay mucha gente que est\u00e1 preparada y se especula dentro de la iglesia que le toque a \u00c1frica como le toc\u00f3 a Am\u00e9rica Latina, d\u00f3nde la teolog\u00eda de la fe del mundo se vieron desde Am\u00e9rica Latina&#8221;.<\/p>\n<p>El prelado precis\u00f3 que podr\u00eda tocar como posibilidad a un papa negro o Asia tambi\u00e9n podr\u00eda tocarle&#8221;.<\/p>\n<p>Al respecto, dijo que \u00c1frica vive una experiencia parecida a la de Latinoam\u00e9rica de guerrillas, de explotaci\u00f3n, probablemente sea el tiempo para la iglesia de soplar por all\u00ed.<\/p>\n<p>&#8220;Siempre el Esp\u00edritu Santo nos da nueva vida, porque la vida cristiana es novedad y Jesucristo escoge a sus representantes de todos los continentes&#8221;, coment\u00f3.<\/p>\n<p>El nuevo pont\u00edfice se elige por mayor\u00eda de dos tercios de los cardenales menores de 80 a\u00f1os con derecho a voto, aunque pasadas 33 o 34 votaciones sin \u00e9xito se puede elegir por mayor\u00eda simple.<\/p>\n<p>\u201cDespu\u00e9s de los nueve d\u00edas se convocar\u00e1 el mismo Camarlengo, el cardenal Farrell, y convocar\u00e1 al conclave, que es precisamente la reuni\u00f3n de los cardenales, que tienen 80 a\u00f1os, ya los de 85 ya no, ya no son elegibles, ni votan, y en esa posibilidad naturalmente que no son elegibles\u201d, se\u00f1al\u00f3.<\/p>\n<p>El continente africano tiene apuestas fuertes, por un lado, el cardenal ghan\u00e9s Peter Turkson de 75 a\u00f1os, que ya se tuvo en cuenta en el \u00faltimo c\u00f3nclave.<\/p>\n<p>Tambi\u00e9n suena el nombre de Robert Sarah, de 78 a\u00f1os, que representa el ala m\u00e1s tradicionalista y conservadora, en l\u00ednea con los sectores que la Iglesia vuelva a posiciones m\u00e1s ortodoxas tras el pontificado de Francisco.<\/p>\n<p>Bueno, probablemente sea el tiempo para la iglesia y para el esp\u00edritu, de soplar por ah\u00ed, que haya un Papa Negro, ser\u00eda bueno para la iglesia porque ha tenido papas latinoamericanos, europeos y ahora un papa negro ser\u00eda algo in\u00e9dito en la iglesia cat\u00f3lica, siempre el Esp\u00edritu Santo nos da nueva vida, nos da verdad, porque la vida cristiana es novedad.<\/p>\n<p>Finalmente se\u00f1al\u00f3 que, \u201cla fe en Jesucristo es novedad, Jesucristo escoge a sus representantes por la fuerza del Esp\u00edritu Santo, pues naturalmente que de todos los continentes no es algo, digamos, ya preparado de antemano, sino que se han ido diciendo cardenales de todo el mundo, y ser\u00eda muy bueno que, as\u00ed como tuvimos por primera vez en la historia un Papa latinoamericano, bueno, ser\u00eda el tiempo de Afro, porque tambi\u00e9n de Asia, pero m\u00e1s de \u00c1frica\u201d.<\/p>\n","protected":false},"excerpt":{"rendered":"<p>Dar\u00edo Pale Xalapa, Ver.- La Arquidi\u00f3cesis de Xalapa no descarta que el sucesor del Papa Francisco sea un Papa Negro, ya le toca a \u00c1frica a\u00fan no sale humo blanco, as\u00ed lo dio a conocer el vocero de la Arquidi\u00f3cesis de Xalapa, Juan Berist\u00e1in de los Santos. En entrevista no descart\u00f3 que el pr\u00f3ximo Papa [&hellip;]<\/p>\n","protected":false},"author":2476,"featured_media":66112,"comment_status":"open","ping_status":"open","sticky":false,"template":"","format":"standard","meta":{"_jetpack_memberships_contains_paid_content":false,"footnotes":""},"categories":[3],"tags":[],"class_list":["post-66111","post","type-post","status-publish","format-standard","has-post-thumbnail","hentry","category-xalapa"],"jetpack_featured_media_url":"https:\/\/encuentroinformativo.com.mx\/wp-content\/uploads\/2025\/04\/IMG-20250422-WA0169.jpg","jetpack_sharing_enabled":true,"jetpack_likes_enabled":true,"amp_enabled":true,"_links":{"self":[{"href":"https:\/\/encuentroinformativo.com.mx\/index.php?rest_route=\/wp\/v2\/posts\/66111","targetHints":{"allow":["GET"]}}],"collection":[{"href":"https:\/\/encuentroinformativo.com.mx\/index.php?rest_route=\/wp\/v2\/posts"}],"about":[{"href":"https:\/\/encuentroinformativo.com.mx\/index.php?rest_route=\/wp\/v2\/types\/post"}],"author":[{"embeddable":true,"href":"https:\/\/encuentroinformativo.com.mx\/index.php?rest_route=\/wp\/v2\/users\/2476"}],"replies":[{"embeddable":true,"href":"https:\/\/encuentroinformativo.com.mx\/index.php?rest_route=%2Fwp%2Fv2%2Fcomments&post=66111"}],"version-history":[{"count":1,"href":"https:\/\/encuentroinformativo.com.mx\/index.php?rest_route=\/wp\/v2\/posts\/66111\/revisions"}],"predecessor-version":[{"id":66113,"href":"https:\/\/encuentroinformativo.com.mx\/index.php?rest_route=\/wp\/v2\/posts\/66111\/revisions\/66113"}],"wp:featuredmedia":[{"embeddable":true,"href":"https:\/\/encuentroinformativo.com.mx\/index.php?rest_route=\/wp\/v2\/media\/66112"}],"wp:attachment":[{"href":"https:\/\/encuentroinformativo.com.mx\/index.php?rest_route=%2Fwp%2Fv2%2Fmedia&parent=66111"}],"wp:term":[{"taxonomy":"category","embeddable":true,"href":"https:\/\/encuentroinformativo.com.mx\/index.php?rest_route=%2Fwp%2Fv2%2Fcategories&post=66111"},{"taxonomy":"post_tag","embeddable":true,"href":"https:\/\/encuentroinformativo.com.mx\/index.php?rest_route=%2Fwp%2Fv2%2Ftags&post=66111"}],"curies":[{"name":"wp","href":"https:\/\/api.w.org\/{rel}","templated":true}]}}