{"id":66114,"date":"2025-04-22T13:41:53","date_gmt":"2025-04-22T19:41:53","guid":{"rendered":"https:\/\/encuentroinformativo.com.mx\/?p=66114"},"modified":"2025-04-22T13:41:53","modified_gmt":"2025-04-22T19:41:53","slug":"hay-dos-lineas-de-investigacion-por-homicidio-de-empresario-en-tuxpan","status":"publish","type":"post","link":"https:\/\/encuentroinformativo.com.mx\/?p=66114","title":{"rendered":"Hay dos l\u00edneas de investigaci\u00f3n por homicidio de empresario en Tuxpan"},"content":{"rendered":"<p><strong>Dar\u00edo Pale<\/strong><\/p>\n<p>Xalapa, Ver.- La gobernadora Norma Roc\u00edo Nahle Garc\u00eda dio a conocer que en el homicidio del empresario de Tuxpan hay dos l\u00edneas de investigaci\u00f3n, pero descarta que sea por el cobro de piso.<\/p>\n<p>En entrevista inform\u00f3 que hay dos l\u00edneas de investigaci\u00f3n respecto al homicidio del empresario de Tuxpan, Nabor Casco.<\/p>\n<p>&#8220;Hoy lo vimos en la mesa de seguridad, ya hay l\u00edneas de investigaci\u00f3n, lo \u00fanico es que hay dos l\u00edneas&#8221;, se\u00f1al\u00f3.<\/p>\n<p>La gobernadora dijo que este lunes fue el \u00fanico homicidio doloso reportado en la mesa de seguridad.<\/p>\n<p>De ah\u00ed que se reforzar\u00e1 la seguridad en Tuxpan y en todo el estado, &#8220;es muy importante, en el caso del empresario, las declaraciones que hizo su familia, entonces esperemos que sea pronto&#8221;.<\/p>\n<p>Finalmente descart\u00f3 que el hecho no fue por la delincuencia organizada, \u201cno es por la delincuencia organizada\u201d, hombres desconocidos atacaron al empresario Nabor Casco Machorro, que lo sorprendieron fuera de su domicilio en el fraccionamiento Jes\u00fas Reyes Heroles.<\/p>\n","protected":false},"excerpt":{"rendered":"<p>Dar\u00edo Pale Xalapa, Ver.- La gobernadora Norma Roc\u00edo Nahle Garc\u00eda dio a conocer que en el homicidio del empresario de Tuxpan hay dos l\u00edneas de investigaci\u00f3n, pero descarta que sea por el cobro de piso. En entrevista inform\u00f3 que hay dos l\u00edneas de investigaci\u00f3n respecto al homicidio del empresario de Tuxpan, Nabor Casco. &#8220;Hoy lo [&hellip;]<\/p>\n","protected":false},"author":2476,"featured_media":66115,"comment_status":"open","ping_status":"open","sticky":false,"template":"","format":"standard","meta":{"_jetpack_memberships_contains_paid_content":false,"footnotes":""},"categories":[2],"tags":[],"class_list":["post-66114","post","type-post","status-publish","format-standard","has-post-thumbnail","hentry","category-estado"],"jetpack_featured_media_url":"https:\/\/encuentroinformativo.com.mx\/wp-content\/uploads\/2025\/04\/IMG-20250422-WA01402.jpg","jetpack_sharing_enabled":true,"jetpack_likes_enabled":true,"amp_enabled":true,"_links":{"self":[{"href":"https:\/\/encuentroinformativo.com.mx\/index.php?rest_route=\/wp\/v2\/posts\/66114","targetHints":{"allow":["GET"]}}],"collection":[{"href":"https:\/\/encuentroinformativo.com.mx\/index.php?rest_route=\/wp\/v2\/posts"}],"about":[{"href":"https:\/\/encuentroinformativo.com.mx\/index.php?rest_route=\/wp\/v2\/types\/post"}],"author":[{"embeddable":true,"href":"https:\/\/encuentroinformativo.com.mx\/index.php?rest_route=\/wp\/v2\/users\/2476"}],"replies":[{"embeddable":true,"href":"https:\/\/encuentroinformativo.com.mx\/index.php?rest_route=%2Fwp%2Fv2%2Fcomments&post=66114"}],"version-history":[{"count":1,"href":"https:\/\/encuentroinformativo.com.mx\/index.php?rest_route=\/wp\/v2\/posts\/66114\/revisions"}],"predecessor-version":[{"id":66116,"href":"https:\/\/encuentroinformativo.com.mx\/index.php?rest_route=\/wp\/v2\/posts\/66114\/revisions\/66116"}],"wp:featuredmedia":[{"embeddable":true,"href":"https:\/\/encuentroinformativo.com.mx\/index.php?rest_route=\/wp\/v2\/media\/66115"}],"wp:attachment":[{"href":"https:\/\/encuentroinformativo.com.mx\/index.php?rest_route=%2Fwp%2Fv2%2Fmedia&parent=66114"}],"wp:term":[{"taxonomy":"category","embeddable":true,"href":"https:\/\/encuentroinformativo.com.mx\/index.php?rest_route=%2Fwp%2Fv2%2Fcategories&post=66114"},{"taxonomy":"post_tag","embeddable":true,"href":"https:\/\/encuentroinformativo.com.mx\/index.php?rest_route=%2Fwp%2Fv2%2Ftags&post=66114"}],"curies":[{"name":"wp","href":"https:\/\/api.w.org\/{rel}","templated":true}]}}