{"id":6612,"date":"2020-10-07T09:46:47","date_gmt":"2020-10-07T14:46:47","guid":{"rendered":"https:\/\/encuentroinformativo.com.mx\/?p=6612"},"modified":"2020-10-07T09:46:50","modified_gmt":"2020-10-07T14:46:50","slug":"salvadora-de-bebes","status":"publish","type":"post","link":"https:\/\/encuentroinformativo.com.mx\/?p=6612","title":{"rendered":"SALVADORA DE BEB\u00c9S"},"content":{"rendered":"\n<ul class=\"wp-block-list\"><li>Chole\u00f1os desaparecidos, relacionados a cateo.<\/li><li>\u00bfY qu\u00e9 diantres hace la CATEM en el Itesco?<\/li><li>Renuncia director de Pol\u00edtica Regional.<\/li><\/ul>\n\n\n\n<p>Adi\u00f3s al legendario Eddie Van Halen<br>&#8211;Chopenjawer triste<\/p>\n\n\n\n<p>Hace m\u00e1s o menos un mes, la m\u00e9dico pediatra Yara Yep Fernandez fue internada en el mismo hospital donde atendi\u00f3 a cientos de ni\u00f1os y ni\u00f1as, entre ellos a mi sobrino, a quien recibi\u00f3 cuando lleg\u00f3 al mundo.<\/p>\n\n\n\n<p>Una pediatra muy exigente, muy profesional y comprometida con su trabajo, especialmente porque estaba a cargo del \u00e1rea de neonatos.<\/p>\n\n\n\n<p>Fue diagnosticada con Covid19.<\/p>\n\n\n\n<p>Ella participaba en un equipo para atender a pacientes con este padecimiento ah\u00ed en el Hospital de Pemex de Minatitl\u00e1n. De ah\u00ed su posible contagio.<\/p>\n\n\n\n<p>Viajera incansable, cuentan sus amigos que ella prefer\u00eda gastar el dinero que ganaba en conocer el mundo, visitando incluso el pa\u00eds origen de su familia: China.<\/p>\n\n\n\n<p>Una mujer relativamente joven, en la plenitud de su madurez. Muy querida en el hospital.<\/p>\n\n\n\n<p>Desgraciadamente, el Covid en ella se agrav\u00f3 desde hace unos d\u00edas.<\/p>\n\n\n\n<p>Fue inducida al coma para ser intubada a los pocos d\u00edas de ser internada; en las m\u00e1s recientes horas, trataron de reanimarla, pero no responde. Su cuerpo, simplemente, duerme.<\/p>\n\n\n\n<p>Sus amigos m\u00e9dicos hablaban de que, en el escenario peor posible, podr\u00eda tener alg\u00fan da\u00f1o neurol\u00f3gico; por eso estuvieron pidiendo, buscando por su lado, medicamentos para tratarla porque no hab\u00eda en el Hospital.<\/p>\n\n\n\n<p>Se espera un verdadero milagro para Yara, la que ha hecho tantas guardias para atender, cuidar y curar beb\u00e9s.<\/p>\n\n\n\n<p>Lo que m\u00e1s resienten sus amigos, es que no pueden verla por la pandemia. Es injusto, porque alguien que salv\u00f3 a reci\u00e9n nacidos, alguien que trajo vida al mundo, est\u00e1 luchando sola contra una enfermedad que a todos nos aleja, nos divide, nos aterra.<\/p>\n\n\n\n<p>Al momento de escribir este texto, la doctora Yara todav\u00eda est\u00e1 viva: es una bella durmiente con esperanzas de que pronto despierte.<\/p>\n\n\n\n<p><strong>NOTA PARA PEGAR EN EL REFRI:<\/strong> Fuentes policiacas de alto nivel hablan de que el funcionario desaparecido del Ayuntamiento de Soledad de Doblado, junto a otras dos personas de ese lugar, estar\u00edan relacionados al cateo de la casa en Manlio Fabio Altamirano, donde fueron detectados armamento y personas trasegando droga.<\/p>\n\n\n\n<p><strong>OTRA NOTA:<\/strong> Desde las 5 de la ma\u00f1ana, trabajadores del Instituto Tecnol\u00f3gico Superior de Coatzacoalcos tomaron las instalaciones denunciando supuestas irregularidades, pero ahora se sabe que toda la protesta fue derivada del combate a la corrupci\u00f3n que imperaban hasta en las instituciones educativas, pues el Instituto Tecnol\u00f3gico Superior de Coatzacoalcos (ITESCO) inici\u00f3 un proceso penal contra el l\u00edder del Sindicato Independiente de Trabajadores, Gregorio G\u00f3mez, por operaci\u00f3n fraudulenta en la presentaci\u00f3n de servicios de lentes a los trabajadores. De acuerdo a la informaci\u00f3n proporcionada, el l\u00edder sindical entreg\u00f3 14 estudios optom\u00e9tricos en blanco y en dos casos factur\u00f3 doble. Aunado a ello, las autoridades educativas, encabezadas por el director del ITESCO Bulmaro Salazar Hern\u00e1ndez, detectaron sobre cotizaci\u00f3n de trabajadores del IMSS lo cual causaba da\u00f1o patrimonial al Tecnol\u00f3gico, por lo tanto tambi\u00e9n se inici\u00f3 un procedimiento administrativo. Este d\u00eda, Gregorio G\u00f3mez protest\u00f3 argumentado despido injustificado, sin embargo, trascendi\u00f3 que los motivos fueron actos de corrupci\u00f3n\u2026 Por cierto \u00bfy qu\u00e9 demonios hac\u00eda hac\u00eda ah\u00ed gente de la CATEM? S\u00ed, la central obrera esa que quiere convertirse en la nueva mafia sindicalista al estilo de la CTM de los setenta\u2026 \u00bfA poco tambi\u00e9n est\u00e1n inmersos en las irregularidades detectadas en el Itesco?\u2026 Por cierto, no es la primera vez que usan la instituci\u00f3n para colocaci\u00f3n de piezas pol\u00edticas y recomendados, adem\u00e1s de que la llegaron a usar hasta para acarreo de alumnos en eventos pol\u00edticos a cambio de mejorar calificaciones.<\/p>\n\n\n\n<p><strong>LA \u00daLTIMA PORQUE VOY A DORMIR OYENDO LA GUITARRA DEL EDDIE:<\/strong> Lo informa el portal Versiones: &#8220;La tarde de este martes, dej\u00f3 de ser Director de Pol\u00edtica Regional, Salvador Patricio Villar y qued\u00f3 como encargado de dicha oficina el Subdirector de Organizaci\u00f3n, Funcionamiento y Enlace Regional, H\u00e9ctor Eduardo Cipri\u00e1n M\u00e9ndez. La direcci\u00f3n de Pol\u00edtica Regional depende de la Subsecretar\u00eda de Gobierno. Fuentes cercanas a Salvador Patricio Villar explicaron que pese a que a\u00fan no est\u00e1n claros los motivos de la renuncia, se sabe de manera preliminar que una de las razones de la dimisi\u00f3n es que el servidor saliente ya termin\u00f3 su ciclo&#8221;.<\/p>\n\n\n\n<p><strong>@pablojair<\/strong><\/p>\n","protected":false},"excerpt":{"rendered":"<p>Chole\u00f1os desaparecidos, relacionados a cateo. \u00bfY qu\u00e9 diantres hace la CATEM en el Itesco? Renuncia director de Pol\u00edtica Regional. Adi\u00f3s al legendario Eddie Van Halen&#8211;Chopenjawer triste Hace m\u00e1s o menos un mes, la m\u00e9dico pediatra Yara Yep Fernandez fue internada en el mismo hospital donde atendi\u00f3 a cientos de ni\u00f1os y ni\u00f1as, entre ellos a [&hellip;]<\/p>\n","protected":false},"author":1,"featured_media":488,"comment_status":"open","ping_status":"open","sticky":false,"template":"","format":"standard","meta":{"_jetpack_memberships_contains_paid_content":false,"footnotes":""},"categories":[11],"tags":[],"class_list":["post-6612","post","type-post","status-publish","format-standard","has-post-thumbnail","hentry","category-opinion"],"jetpack_featured_media_url":"https:\/\/encuentroinformativo.com.mx\/wp-content\/uploads\/2020\/03\/F471F608-BA1A-416B-BA7B-BCFB24F4E6D0.jpeg","jetpack_sharing_enabled":true,"jetpack_likes_enabled":true,"amp_enabled":true,"_links":{"self":[{"href":"https:\/\/encuentroinformativo.com.mx\/index.php?rest_route=\/wp\/v2\/posts\/6612","targetHints":{"allow":["GET"]}}],"collection":[{"href":"https:\/\/encuentroinformativo.com.mx\/index.php?rest_route=\/wp\/v2\/posts"}],"about":[{"href":"https:\/\/encuentroinformativo.com.mx\/index.php?rest_route=\/wp\/v2\/types\/post"}],"author":[{"embeddable":true,"href":"https:\/\/encuentroinformativo.com.mx\/index.php?rest_route=\/wp\/v2\/users\/1"}],"replies":[{"embeddable":true,"href":"https:\/\/encuentroinformativo.com.mx\/index.php?rest_route=%2Fwp%2Fv2%2Fcomments&post=6612"}],"version-history":[{"count":1,"href":"https:\/\/encuentroinformativo.com.mx\/index.php?rest_route=\/wp\/v2\/posts\/6612\/revisions"}],"predecessor-version":[{"id":6613,"href":"https:\/\/encuentroinformativo.com.mx\/index.php?rest_route=\/wp\/v2\/posts\/6612\/revisions\/6613"}],"wp:featuredmedia":[{"embeddable":true,"href":"https:\/\/encuentroinformativo.com.mx\/index.php?rest_route=\/wp\/v2\/media\/488"}],"wp:attachment":[{"href":"https:\/\/encuentroinformativo.com.mx\/index.php?rest_route=%2Fwp%2Fv2%2Fmedia&parent=6612"}],"wp:term":[{"taxonomy":"category","embeddable":true,"href":"https:\/\/encuentroinformativo.com.mx\/index.php?rest_route=%2Fwp%2Fv2%2Fcategories&post=6612"},{"taxonomy":"post_tag","embeddable":true,"href":"https:\/\/encuentroinformativo.com.mx\/index.php?rest_route=%2Fwp%2Fv2%2Ftags&post=6612"}],"curies":[{"name":"wp","href":"https:\/\/api.w.org\/{rel}","templated":true}]}}