{"id":66120,"date":"2025-04-22T14:49:47","date_gmt":"2025-04-22T20:49:47","guid":{"rendered":"https:\/\/encuentroinformativo.com.mx\/?p=66120"},"modified":"2025-04-22T14:49:47","modified_gmt":"2025-04-22T20:49:47","slug":"anuncia-rocio-nahle-programa-de-viviendas-para-policias","status":"publish","type":"post","link":"https:\/\/encuentroinformativo.com.mx\/?p=66120","title":{"rendered":"Anuncia Roc\u00edo Nahle programa de viviendas para polic\u00edas"},"content":{"rendered":"<p><strong>Dar\u00edo Pale<\/strong><\/p>\n<p>Xalapa, Ver.- La gobernadora de Veracruz anunci\u00f3 que habr\u00e1 viviendas para polic\u00edas estatales, esto en el marco del D\u00eda del Polic\u00eda Veracruzano, ser\u00e1 en las regiones de Xalapa, Veracruz, Minatitl\u00e1n y Poza Rica.<\/p>\n<p>La gobernadora Norma Roc\u00edo Nahle Garc\u00eda, anunci\u00f3 un programa de viviendas para polic\u00edas estatales de Veracruz, &#8220;yo promet\u00ed y lo que prometo lo cumplo en que \u00edbamos a hacer un programa de viviendas para todos los polic\u00edas, todos merecen tener el espacio para tener una casa para sus familias&#8221;.<\/p>\n<p>En el marco del D\u00eda del Polic\u00eda Veracruzano, la gobernadora explic\u00f3 que ser\u00e1 en 5 regiones &#8220;la primera regi\u00f3n vamos a iniciar con una vivienda en el puerto de Veracruz, a trav\u00e9s de la Secretar\u00eda de Infraestructura y Obra P\u00fablica, nos presentaron el proyecto de un fraccionamiento&#8221;.<\/p>\n<p>Tambi\u00e9n, dijo que se estar\u00e1 en otro proyecto en el municipio de Emiliano Zapata &#8220;otro m\u00e1s en Minatitl\u00e1n y otro en la regi\u00f3n de Poza Rica -Tuxpan, porque vamos a darle a todos los elementos una vivienda digna&#8221;.<\/p>\n<p>Finalmente acompa\u00f1ada del gabinete de seguridad, la gobernadora Norma Roc\u00edo Nahle Garc\u00eda, reconoci\u00f3 a Luis Alfredo Salvador Jim\u00e9nez, como polic\u00eda del a\u00f1o.<\/p>\n","protected":false},"excerpt":{"rendered":"<p>Dar\u00edo Pale Xalapa, Ver.- La gobernadora de Veracruz anunci\u00f3 que habr\u00e1 viviendas para polic\u00edas estatales, esto en el marco del D\u00eda del Polic\u00eda Veracruzano, ser\u00e1 en las regiones de Xalapa, Veracruz, Minatitl\u00e1n y Poza Rica. La gobernadora Norma Roc\u00edo Nahle Garc\u00eda, anunci\u00f3 un programa de viviendas para polic\u00edas estatales de Veracruz, &#8220;yo promet\u00ed y lo [&hellip;]<\/p>\n","protected":false},"author":2476,"featured_media":66121,"comment_status":"open","ping_status":"open","sticky":false,"template":"","format":"standard","meta":{"_jetpack_memberships_contains_paid_content":false,"footnotes":""},"categories":[2],"tags":[],"class_list":["post-66120","post","type-post","status-publish","format-standard","has-post-thumbnail","hentry","category-estado"],"jetpack_featured_media_url":"https:\/\/encuentroinformativo.com.mx\/wp-content\/uploads\/2025\/04\/IMG-20250422-WA01482.jpg","jetpack_sharing_enabled":true,"jetpack_likes_enabled":true,"amp_enabled":true,"_links":{"self":[{"href":"https:\/\/encuentroinformativo.com.mx\/index.php?rest_route=\/wp\/v2\/posts\/66120","targetHints":{"allow":["GET"]}}],"collection":[{"href":"https:\/\/encuentroinformativo.com.mx\/index.php?rest_route=\/wp\/v2\/posts"}],"about":[{"href":"https:\/\/encuentroinformativo.com.mx\/index.php?rest_route=\/wp\/v2\/types\/post"}],"author":[{"embeddable":true,"href":"https:\/\/encuentroinformativo.com.mx\/index.php?rest_route=\/wp\/v2\/users\/2476"}],"replies":[{"embeddable":true,"href":"https:\/\/encuentroinformativo.com.mx\/index.php?rest_route=%2Fwp%2Fv2%2Fcomments&post=66120"}],"version-history":[{"count":1,"href":"https:\/\/encuentroinformativo.com.mx\/index.php?rest_route=\/wp\/v2\/posts\/66120\/revisions"}],"predecessor-version":[{"id":66122,"href":"https:\/\/encuentroinformativo.com.mx\/index.php?rest_route=\/wp\/v2\/posts\/66120\/revisions\/66122"}],"wp:featuredmedia":[{"embeddable":true,"href":"https:\/\/encuentroinformativo.com.mx\/index.php?rest_route=\/wp\/v2\/media\/66121"}],"wp:attachment":[{"href":"https:\/\/encuentroinformativo.com.mx\/index.php?rest_route=%2Fwp%2Fv2%2Fmedia&parent=66120"}],"wp:term":[{"taxonomy":"category","embeddable":true,"href":"https:\/\/encuentroinformativo.com.mx\/index.php?rest_route=%2Fwp%2Fv2%2Fcategories&post=66120"},{"taxonomy":"post_tag","embeddable":true,"href":"https:\/\/encuentroinformativo.com.mx\/index.php?rest_route=%2Fwp%2Fv2%2Ftags&post=66120"}],"curies":[{"name":"wp","href":"https:\/\/api.w.org\/{rel}","templated":true}]}}