{"id":66127,"date":"2025-04-22T21:55:12","date_gmt":"2025-04-23T03:55:12","guid":{"rendered":"https:\/\/encuentroinformativo.com.mx\/?p=66127"},"modified":"2025-04-22T21:55:12","modified_gmt":"2025-04-23T03:55:12","slug":"zaira-del-toro-nueva-directora-general-del-instituto-veracruzano-de-las-mujeres","status":"publish","type":"post","link":"https:\/\/encuentroinformativo.com.mx\/?p=66127","title":{"rendered":"Zaira Del Toro, nueva directora general del Instituto Veracruzano de las Mujeres"},"content":{"rendered":"<p>Xalapa, Ver.- La gobernadora del estado de Veracruz, Ing. Norma Roc\u00edo Nahle Garc\u00eda, design\u00f3 este lunes a la Mtra. Zaira Fabiola Del Toro Olivares como nueva directora general del Instituto Veracruzano de las Mujeres (IVM), en cumplimiento con la Ley 613 y con base en la convocatoria emitida por los Consejos Consultivo y Social del organismo.<\/p>\n<p>En un documento oficial fechado el 22 de abril, la mandataria estatal inform\u00f3 a las consejeras de ambos consejos que, tras la evaluaci\u00f3n de las propuestas recibidas el pasado 15 de abril y tras constatar el cumplimiento de los requisitos legales, se tom\u00f3 la decisi\u00f3n de nombrar a Del Toro Olivares al frente del IVM.<\/p>\n<p>La gobernadora expres\u00f3 su confianza en que la nueva titular desempe\u00f1ar\u00e1 el cargo \u201cdignamente, con compromiso, profesionalismo y responsabilidad, mirando en todo momento por el respeto y promoci\u00f3n de los Derechos Humanos de las mujeres veracruzanas\u201d.<\/p>\n<p>Nahle Garc\u00eda tambi\u00e9n agradeci\u00f3 el trabajo realizado por el Consejo Consultivo y el Consejo Social del Instituto, destacando que el proceso de selecci\u00f3n se llev\u00f3 a cabo de manera \u201ctransparente, democr\u00e1tica e imparcial\u201d.<\/p>\n<p>Zaira Fabiola Del Toro Olivares asume el cargo en un momento clave para el fortalecimiento de pol\u00edticas p\u00fablicas con perspectiva de g\u00e9nero en la entidad.<\/p>\n<p><img loading=\"lazy\" decoding=\"async\" class=\"alignnone size-medium wp-image-66128\" src=\"https:\/\/encuentroinformativo.com.mx\/wp-content\/uploads\/2025\/04\/IMG-20250422-WA03672-223x300.jpg\" alt=\"\" width=\"223\" height=\"300\" srcset=\"https:\/\/encuentroinformativo.com.mx\/wp-content\/uploads\/2025\/04\/IMG-20250422-WA03672-223x300.jpg 223w, https:\/\/encuentroinformativo.com.mx\/wp-content\/uploads\/2025\/04\/IMG-20250422-WA03672-761x1024.jpg 761w, https:\/\/encuentroinformativo.com.mx\/wp-content\/uploads\/2025\/04\/IMG-20250422-WA03672-768x1034.jpg 768w, https:\/\/encuentroinformativo.com.mx\/wp-content\/uploads\/2025\/04\/IMG-20250422-WA03672.jpg 951w\" sizes=\"auto, (max-width: 223px) 100vw, 223px\" \/><\/p>\n","protected":false},"excerpt":{"rendered":"<p>Xalapa, Ver.- La gobernadora del estado de Veracruz, Ing. Norma Roc\u00edo Nahle Garc\u00eda, design\u00f3 este lunes a la Mtra. Zaira Fabiola Del Toro Olivares como nueva directora general del Instituto Veracruzano de las Mujeres (IVM), en cumplimiento con la Ley 613 y con base en la convocatoria emitida por los Consejos Consultivo y Social del [&hellip;]<\/p>\n","protected":false},"author":2476,"featured_media":66128,"comment_status":"open","ping_status":"open","sticky":false,"template":"","format":"standard","meta":{"_jetpack_memberships_contains_paid_content":false,"footnotes":""},"categories":[2],"tags":[],"class_list":["post-66127","post","type-post","status-publish","format-standard","has-post-thumbnail","hentry","category-estado"],"jetpack_featured_media_url":"https:\/\/encuentroinformativo.com.mx\/wp-content\/uploads\/2025\/04\/IMG-20250422-WA03672.jpg","jetpack_sharing_enabled":true,"jetpack_likes_enabled":true,"amp_enabled":true,"_links":{"self":[{"href":"https:\/\/encuentroinformativo.com.mx\/index.php?rest_route=\/wp\/v2\/posts\/66127","targetHints":{"allow":["GET"]}}],"collection":[{"href":"https:\/\/encuentroinformativo.com.mx\/index.php?rest_route=\/wp\/v2\/posts"}],"about":[{"href":"https:\/\/encuentroinformativo.com.mx\/index.php?rest_route=\/wp\/v2\/types\/post"}],"author":[{"embeddable":true,"href":"https:\/\/encuentroinformativo.com.mx\/index.php?rest_route=\/wp\/v2\/users\/2476"}],"replies":[{"embeddable":true,"href":"https:\/\/encuentroinformativo.com.mx\/index.php?rest_route=%2Fwp%2Fv2%2Fcomments&post=66127"}],"version-history":[{"count":2,"href":"https:\/\/encuentroinformativo.com.mx\/index.php?rest_route=\/wp\/v2\/posts\/66127\/revisions"}],"predecessor-version":[{"id":66130,"href":"https:\/\/encuentroinformativo.com.mx\/index.php?rest_route=\/wp\/v2\/posts\/66127\/revisions\/66130"}],"wp:featuredmedia":[{"embeddable":true,"href":"https:\/\/encuentroinformativo.com.mx\/index.php?rest_route=\/wp\/v2\/media\/66128"}],"wp:attachment":[{"href":"https:\/\/encuentroinformativo.com.mx\/index.php?rest_route=%2Fwp%2Fv2%2Fmedia&parent=66127"}],"wp:term":[{"taxonomy":"category","embeddable":true,"href":"https:\/\/encuentroinformativo.com.mx\/index.php?rest_route=%2Fwp%2Fv2%2Fcategories&post=66127"},{"taxonomy":"post_tag","embeddable":true,"href":"https:\/\/encuentroinformativo.com.mx\/index.php?rest_route=%2Fwp%2Fv2%2Ftags&post=66127"}],"curies":[{"name":"wp","href":"https:\/\/api.w.org\/{rel}","templated":true}]}}