{"id":66146,"date":"2025-04-23T12:33:14","date_gmt":"2025-04-23T18:33:14","guid":{"rendered":"https:\/\/encuentroinformativo.com.mx\/?p=66146"},"modified":"2025-04-23T12:33:14","modified_gmt":"2025-04-23T18:33:14","slug":"participarian-mas-de-70-mil-en-desfile-del-dia-del-trabajo","status":"publish","type":"post","link":"https:\/\/encuentroinformativo.com.mx\/?p=66146","title":{"rendered":"Participar\u00edan m\u00e1s de 70 mil en Desfile del D\u00eda del Trabajo"},"content":{"rendered":"<p><strong>Dar\u00edo Pale<\/strong><\/p>\n<p>Xalapa, Ver.- Olga Morales del Valle Secretaria General de la Federaci\u00f3n de Sindicatos de Xalapa de la CROC, dio a conocer que este a\u00f1o podr\u00edan ser m\u00e1s de 70 mil los que desfilen este primero de mayo el a\u00f1o pasado fueron 60 mil pero este a\u00f1o se reincorpora un grupo de maestros, y no habr\u00e1 libre paso para las unidades que vengan a Xalapa al desfile.<\/p>\n<p>En entrevista se\u00f1al\u00f3 que, la organizaci\u00f3n para el pr\u00f3ximo desfile del primero de mayo va muy bien, el d\u00eda de ayer estuvimos en la Secretar\u00eda de Trabajo, y a la reuni\u00f3n asistieron las \u00e1reas competentes de seguridad p\u00fablica, limpia p\u00fablica, tr\u00e1nsito, salud, ya para ultimar los detalles.<\/p>\n<p>Dijo que en cuanto a los contingentes no hay ning\u00fan problema, ya est\u00e1n preparados tienen dos meses que est\u00e1n en pl\u00e1ticas, cada sindicato y organizaci\u00f3n controla a su gente, ya tienen sus lugares en donde vamos todos.<\/p>\n<p>\u201cEste a\u00f1o se reincorporan un grupo de maestros, yo creo que va a subir, van a ser como unos 70 mil, porque desfilan unos maestros, que ellos, como tradicionalmente se ha llevado a cabo, se respeta lo que siempre hemos venido ocupando cada a\u00f1o y ellos se van a formar a la cola despu\u00e9s de que desfilamos todos nosotros\u201d, se\u00f1al\u00f3.<\/p>\n<p>\u201cSon los maestros que anteriormente hab\u00edan desfilado, son de diferentes sindicatos, organizaciones, hab\u00edan desfilado, pero tienen como 10 a\u00f1os que dejaron de desfilar\u201d, agreg\u00f3.<\/p>\n<p>Dijo que de los que siempre desfilan son cerca de 60 mil y en esta ocasi\u00f3n se van a sumar otros 10 o 12 mil m\u00e1s por lo que ser\u00edan aproximadamente 72 mil personas las que van a desfilar este primero de mayo, por lo que este a\u00f1o terminar\u00e1n m\u00e1s tarde.<\/p>\n<p>Se\u00f1al\u00f3 que hay diversas demandas que le van a hacer llegar a la gobernadora, pero no cree que haya ya tanto problema porque ya est\u00e1n recibiendo los grupos para ir solucionando los problemas que hay en diferentes espacios.<\/p>\n<p>Entre las principales demandas que les plantean son: \u201cSon las bases de algunos compa\u00f1eros que no se les ha dado, el respeto de los nuevos que llegaron a trabajar y que no conocen todav\u00eda c\u00f3mo est\u00e1 el trabajo.<\/p>\n<p>\u201cYa se est\u00e1 teniendo pl\u00e1tica ya para tener reuniones con las \u00e1reas competentes que tengan que salir, con las de salud, con el director de salud, con los de CAE, y as\u00ed nos vamos con todos\u201d, dijo.<\/p>\n<p>Coment\u00f3 que el secretario de gobierno Ricardo Ahued Bardahuil, y personal de Pol\u00edtica Regional dijeron que por instrucciones de la gobernadora, va a haber mesas de trabajo para atender los problemas que se presenten con la manifestaciones que haya.<\/p>\n<p>\u201cEsperemos que as\u00ed sigamos para que el primero de mayo salgamos muy bien, por el bien de los trabajadores\u201d, se\u00f1al\u00f3.<\/p>\n<p>Finalmente en cuanto a si habr\u00e1 libre paso para que lleguen los autobuses que en otros a\u00f1os han detenido debido a que vienen a manifestarse durante el desfile coment\u00f3 que, \u201cs\u00ed, ya platicamos ese tema tambi\u00e9n, ya se le notific\u00f3 a Tr\u00e1nsito, all\u00e1 en la reuni\u00f3n que tuvimos, ya sabe Tr\u00e1nsito de que se le va a dar el libre paso a los camiones que vienen de afuera, porque no todos son de afuera, son de aqu\u00ed, pero vienen varios camiones que son de afuera, van a traer su cartulina\u201d.<\/p>\n","protected":false},"excerpt":{"rendered":"<p>Dar\u00edo Pale Xalapa, Ver.- Olga Morales del Valle Secretaria General de la Federaci\u00f3n de Sindicatos de Xalapa de la CROC, dio a conocer que este a\u00f1o podr\u00edan ser m\u00e1s de 70 mil los que desfilen este primero de mayo el a\u00f1o pasado fueron 60 mil pero este a\u00f1o se reincorpora un grupo de maestros, y [&hellip;]<\/p>\n","protected":false},"author":2476,"featured_media":66147,"comment_status":"open","ping_status":"open","sticky":false,"template":"","format":"standard","meta":{"_jetpack_memberships_contains_paid_content":false,"footnotes":""},"categories":[3],"tags":[],"class_list":["post-66146","post","type-post","status-publish","format-standard","has-post-thumbnail","hentry","category-xalapa"],"jetpack_featured_media_url":"https:\/\/encuentroinformativo.com.mx\/wp-content\/uploads\/2025\/04\/IMG-20250423-WA0099.jpg","jetpack_sharing_enabled":true,"jetpack_likes_enabled":true,"amp_enabled":true,"_links":{"self":[{"href":"https:\/\/encuentroinformativo.com.mx\/index.php?rest_route=\/wp\/v2\/posts\/66146","targetHints":{"allow":["GET"]}}],"collection":[{"href":"https:\/\/encuentroinformativo.com.mx\/index.php?rest_route=\/wp\/v2\/posts"}],"about":[{"href":"https:\/\/encuentroinformativo.com.mx\/index.php?rest_route=\/wp\/v2\/types\/post"}],"author":[{"embeddable":true,"href":"https:\/\/encuentroinformativo.com.mx\/index.php?rest_route=\/wp\/v2\/users\/2476"}],"replies":[{"embeddable":true,"href":"https:\/\/encuentroinformativo.com.mx\/index.php?rest_route=%2Fwp%2Fv2%2Fcomments&post=66146"}],"version-history":[{"count":1,"href":"https:\/\/encuentroinformativo.com.mx\/index.php?rest_route=\/wp\/v2\/posts\/66146\/revisions"}],"predecessor-version":[{"id":66148,"href":"https:\/\/encuentroinformativo.com.mx\/index.php?rest_route=\/wp\/v2\/posts\/66146\/revisions\/66148"}],"wp:featuredmedia":[{"embeddable":true,"href":"https:\/\/encuentroinformativo.com.mx\/index.php?rest_route=\/wp\/v2\/media\/66147"}],"wp:attachment":[{"href":"https:\/\/encuentroinformativo.com.mx\/index.php?rest_route=%2Fwp%2Fv2%2Fmedia&parent=66146"}],"wp:term":[{"taxonomy":"category","embeddable":true,"href":"https:\/\/encuentroinformativo.com.mx\/index.php?rest_route=%2Fwp%2Fv2%2Fcategories&post=66146"},{"taxonomy":"post_tag","embeddable":true,"href":"https:\/\/encuentroinformativo.com.mx\/index.php?rest_route=%2Fwp%2Fv2%2Ftags&post=66146"}],"curies":[{"name":"wp","href":"https:\/\/api.w.org\/{rel}","templated":true}]}}