{"id":66149,"date":"2025-04-23T12:55:04","date_gmt":"2025-04-23T18:55:04","guid":{"rendered":"https:\/\/encuentroinformativo.com.mx\/?p=66149"},"modified":"2025-04-23T12:55:04","modified_gmt":"2025-04-23T18:55:04","slug":"incendio-consume-vivienda-en-medellin-de-bravo","status":"publish","type":"post","link":"https:\/\/encuentroinformativo.com.mx\/?p=66149","title":{"rendered":"Incendio consume vivienda en Medell\u00edn de Bravo"},"content":{"rendered":"<p><strong>Alejandro \u00c1vila<\/strong><\/p>\n<p><strong>Fotos:<\/strong> Sergio Aldazaba\/Cortes\u00eda<\/p>\n<p>Medell\u00edn de Bravo, Ver.- Un incendio consumi\u00f3 la totalidad de una vivienda la ma\u00f1ana de este mi\u00e9rcoles 23 de abril en el Fraccionamiento Puente Moreno del municipio de Medell\u00edn de Bravo.<\/p>\n<p>Vecinos del circuito Saturno Oeste dieron cuenta de las llamas y llamaron al n\u00famero de emergencia 911, momentos m\u00e1s tarde elementos de Protecci\u00f3n Civil Municipal iniciaron con las labores para sofocar el fuego en la planta alta de un d\u00faplex.<\/p>\n<p>Los propios vecinos dijeron desconocer el nombre de la persona que habita la vivienda pero aseguraron lo vieron salir despavorido al ver que las llamas se salieron de control.<\/p>\n<p>El fuego consumi\u00f3 todo a su paso y las pertenencias materiales de la persona que habita el inmueble quedaron reducidas a cenizas, aunque afortunadamente no se report\u00f3 ninguna persona lesionada.<\/p>\n<p>Elementos de la Polic\u00eda Municipal y Estatal llegaron a dicho sitio para tomar conocimiento, en tanto que los socorristas terminaron de enfriar el inmueble y confirmaron que ya no hab\u00eda peligro para los dem\u00e1s vecinos.<\/p>\n<p><img loading=\"lazy\" decoding=\"async\" class=\"alignnone size-medium wp-image-66151\" src=\"https:\/\/encuentroinformativo.com.mx\/wp-content\/uploads\/2025\/04\/IMG-20250423-WA0123-300x225.jpg\" alt=\"\" width=\"300\" height=\"225\" srcset=\"https:\/\/encuentroinformativo.com.mx\/wp-content\/uploads\/2025\/04\/IMG-20250423-WA0123-300x225.jpg 300w, https:\/\/encuentroinformativo.com.mx\/wp-content\/uploads\/2025\/04\/IMG-20250423-WA0123-1024x768.jpg 1024w, https:\/\/encuentroinformativo.com.mx\/wp-content\/uploads\/2025\/04\/IMG-20250423-WA0123-768x576.jpg 768w, https:\/\/encuentroinformativo.com.mx\/wp-content\/uploads\/2025\/04\/IMG-20250423-WA0123-1536x1152.jpg 1536w, https:\/\/encuentroinformativo.com.mx\/wp-content\/uploads\/2025\/04\/IMG-20250423-WA0123.jpg 1600w\" sizes=\"auto, (max-width: 300px) 100vw, 300px\" \/><\/p>\n","protected":false},"excerpt":{"rendered":"<p>Alejandro \u00c1vila Fotos: Sergio Aldazaba\/Cortes\u00eda Medell\u00edn de Bravo, Ver.- Un incendio consumi\u00f3 la totalidad de una vivienda la ma\u00f1ana de este mi\u00e9rcoles 23 de abril en el Fraccionamiento Puente Moreno del municipio de Medell\u00edn de Bravo. Vecinos del circuito Saturno Oeste dieron cuenta de las llamas y llamaron al n\u00famero de emergencia 911, momentos m\u00e1s [&hellip;]<\/p>\n","protected":false},"author":2476,"featured_media":66150,"comment_status":"open","ping_status":"open","sticky":false,"template":"","format":"standard","meta":{"_jetpack_memberships_contains_paid_content":false,"footnotes":""},"categories":[2],"tags":[],"class_list":["post-66149","post","type-post","status-publish","format-standard","has-post-thumbnail","hentry","category-estado"],"jetpack_featured_media_url":"https:\/\/encuentroinformativo.com.mx\/wp-content\/uploads\/2025\/04\/IMG-20250423-WA0121.jpg","jetpack_sharing_enabled":true,"jetpack_likes_enabled":true,"amp_enabled":true,"_links":{"self":[{"href":"https:\/\/encuentroinformativo.com.mx\/index.php?rest_route=\/wp\/v2\/posts\/66149","targetHints":{"allow":["GET"]}}],"collection":[{"href":"https:\/\/encuentroinformativo.com.mx\/index.php?rest_route=\/wp\/v2\/posts"}],"about":[{"href":"https:\/\/encuentroinformativo.com.mx\/index.php?rest_route=\/wp\/v2\/types\/post"}],"author":[{"embeddable":true,"href":"https:\/\/encuentroinformativo.com.mx\/index.php?rest_route=\/wp\/v2\/users\/2476"}],"replies":[{"embeddable":true,"href":"https:\/\/encuentroinformativo.com.mx\/index.php?rest_route=%2Fwp%2Fv2%2Fcomments&post=66149"}],"version-history":[{"count":1,"href":"https:\/\/encuentroinformativo.com.mx\/index.php?rest_route=\/wp\/v2\/posts\/66149\/revisions"}],"predecessor-version":[{"id":66152,"href":"https:\/\/encuentroinformativo.com.mx\/index.php?rest_route=\/wp\/v2\/posts\/66149\/revisions\/66152"}],"wp:featuredmedia":[{"embeddable":true,"href":"https:\/\/encuentroinformativo.com.mx\/index.php?rest_route=\/wp\/v2\/media\/66150"}],"wp:attachment":[{"href":"https:\/\/encuentroinformativo.com.mx\/index.php?rest_route=%2Fwp%2Fv2%2Fmedia&parent=66149"}],"wp:term":[{"taxonomy":"category","embeddable":true,"href":"https:\/\/encuentroinformativo.com.mx\/index.php?rest_route=%2Fwp%2Fv2%2Fcategories&post=66149"},{"taxonomy":"post_tag","embeddable":true,"href":"https:\/\/encuentroinformativo.com.mx\/index.php?rest_route=%2Fwp%2Fv2%2Ftags&post=66149"}],"curies":[{"name":"wp","href":"https:\/\/api.w.org\/{rel}","templated":true}]}}