{"id":66162,"date":"2025-04-23T14:53:52","date_gmt":"2025-04-23T20:53:52","guid":{"rendered":"https:\/\/encuentroinformativo.com.mx\/?p=66162"},"modified":"2025-04-23T14:53:52","modified_gmt":"2025-04-23T20:53:52","slug":"atacan-a-balazos-a-petrolero-en-coatzacoalcos","status":"publish","type":"post","link":"https:\/\/encuentroinformativo.com.mx\/?p=66162","title":{"rendered":"Atacan a balazos a petrolero en Coatzacoalcos"},"content":{"rendered":"<p><strong>Alejandro \u00c1vila<\/strong><\/p>\n<p>Coatzacoalcos, Ver.- Un trabajador de Pemex en Coatzacoalcos fue atacado a balazos la ma\u00f1ana de este mi\u00e9rcoles 23 de y su estado de salud se reporta como grave, situaci\u00f3n que gener\u00f3 una gran movilizaci\u00f3n policial.<\/p>\n<p>La v\u00edctima idenrificada como Rams\u00e9s J.C. de 29 a\u00f1os estaba aparentemente afuera de su hogar en la colonia Primero de Mayo, cuando fue interceptado por dos sujetos que se trasladaban en una motocicleta sobre la avenida General Anaya y le dispararon en repetidas ocasiones.<\/p>\n<p>El empleado de Pemex fue atendido por param\u00e9dicos y se pudo conocer que recibi\u00f3 m\u00e1s de dos impactos de bala, por lo cual fue trasladado de emergencia a un hospital de la ciudad para posteriormente llevarlo a otro destino y cuidar su integridad.<\/p>\n<p>Personal de la Sedena acord\u00f3 el sitio y Agentes Ministeriales iniciaron con la indagatoria de los hechos para dar con los responsables.<\/p>\n","protected":false},"excerpt":{"rendered":"<p>Alejandro \u00c1vila Coatzacoalcos, Ver.- Un trabajador de Pemex en Coatzacoalcos fue atacado a balazos la ma\u00f1ana de este mi\u00e9rcoles 23 de y su estado de salud se reporta como grave, situaci\u00f3n que gener\u00f3 una gran movilizaci\u00f3n policial. La v\u00edctima idenrificada como Rams\u00e9s J.C. de 29 a\u00f1os estaba aparentemente afuera de su hogar en la colonia [&hellip;]<\/p>\n","protected":false},"author":2476,"featured_media":66163,"comment_status":"open","ping_status":"open","sticky":false,"template":"","format":"standard","meta":{"_jetpack_memberships_contains_paid_content":false,"footnotes":""},"categories":[14],"tags":[],"class_list":["post-66162","post","type-post","status-publish","format-standard","has-post-thumbnail","hentry","category-policiaca"],"jetpack_featured_media_url":"https:\/\/encuentroinformativo.com.mx\/wp-content\/uploads\/2025\/04\/IMG-20250423-WA0037.jpg","jetpack_sharing_enabled":true,"jetpack_likes_enabled":true,"amp_enabled":true,"_links":{"self":[{"href":"https:\/\/encuentroinformativo.com.mx\/index.php?rest_route=\/wp\/v2\/posts\/66162","targetHints":{"allow":["GET"]}}],"collection":[{"href":"https:\/\/encuentroinformativo.com.mx\/index.php?rest_route=\/wp\/v2\/posts"}],"about":[{"href":"https:\/\/encuentroinformativo.com.mx\/index.php?rest_route=\/wp\/v2\/types\/post"}],"author":[{"embeddable":true,"href":"https:\/\/encuentroinformativo.com.mx\/index.php?rest_route=\/wp\/v2\/users\/2476"}],"replies":[{"embeddable":true,"href":"https:\/\/encuentroinformativo.com.mx\/index.php?rest_route=%2Fwp%2Fv2%2Fcomments&post=66162"}],"version-history":[{"count":1,"href":"https:\/\/encuentroinformativo.com.mx\/index.php?rest_route=\/wp\/v2\/posts\/66162\/revisions"}],"predecessor-version":[{"id":66164,"href":"https:\/\/encuentroinformativo.com.mx\/index.php?rest_route=\/wp\/v2\/posts\/66162\/revisions\/66164"}],"wp:featuredmedia":[{"embeddable":true,"href":"https:\/\/encuentroinformativo.com.mx\/index.php?rest_route=\/wp\/v2\/media\/66163"}],"wp:attachment":[{"href":"https:\/\/encuentroinformativo.com.mx\/index.php?rest_route=%2Fwp%2Fv2%2Fmedia&parent=66162"}],"wp:term":[{"taxonomy":"category","embeddable":true,"href":"https:\/\/encuentroinformativo.com.mx\/index.php?rest_route=%2Fwp%2Fv2%2Fcategories&post=66162"},{"taxonomy":"post_tag","embeddable":true,"href":"https:\/\/encuentroinformativo.com.mx\/index.php?rest_route=%2Fwp%2Fv2%2Ftags&post=66162"}],"curies":[{"name":"wp","href":"https:\/\/api.w.org\/{rel}","templated":true}]}}