{"id":66165,"date":"2025-04-23T15:17:04","date_gmt":"2025-04-23T21:17:04","guid":{"rendered":"https:\/\/encuentroinformativo.com.mx\/?p=66165"},"modified":"2025-04-23T15:17:04","modified_gmt":"2025-04-23T21:17:04","slug":"con-designacion-de-titular-del-ivm-se-fortaleceran-politicas-publicas","status":"publish","type":"post","link":"https:\/\/encuentroinformativo.com.mx\/?p=66165","title":{"rendered":"Con designaci\u00f3n de titular del IVM, se fortalecer\u00e1n pol\u00edticas p\u00fablicas"},"content":{"rendered":"<p><strong>Dar\u00edo Pale<\/strong><\/p>\n<p>Xalapa, Ver.- Designaci\u00f3n de titular del IVM es un paso firme hacia un Veracruz m\u00e1s equitativo e incluyente, por lo que celebr\u00f3 que la reciente designaci\u00f3n de Zaira del Toro Olivares como titular del Instituto Veracruzano de las Mujeres (IVM), tras siete a\u00f1os sin una direcci\u00f3n oficial en dicha instancia, lo cual consider\u00f3 un paso importante hacia el fortalecimiento de las pol\u00edticas p\u00fablicas para acortar la brecha de g\u00e9nero en el estado.<\/p>\n<p>En entrevista la directora del Instituto Municipal de las Mujeres de Xalapa (IMMX), Mary Miyoshi Pedroza Garc\u00eda, dijo que si bien cada instituci\u00f3n cuenta con atribuciones espec\u00edficas, existe plena disposici\u00f3n para trabajar de manera coordinada en el impulso de acciones concretas que favorezcan los derechos de las mujeres veracruzanas.<\/p>\n<p>\u201cReconocemos con orgullo la designaci\u00f3n de la maestra Zaira del Toro Olivares, ya que cuenta con una s\u00f3lida experiencia en la promoci\u00f3n de los derechos humanos, especialmente de las mujeres\u201d, se\u00f1al\u00f3.<\/p>\n<p>Asimismo, destac\u00f3 el compromiso, profesionalismo y sensibilidad que la nueva titular ha demostrado desde los distintos espacios en los que ha ejercido funciones, y asegur\u00f3 que su trayectoria es garant\u00eda del \u00e9xito que tendr\u00e1 esta nueva etapa para el IVM.<\/p>\n<p>\u201cEstoy completamente segura de que se fortalecer\u00e1 el trabajo por la igualdad, la justicia y la erradicaci\u00f3n de las violencias de g\u00e9nero\u201d, afirm\u00f3.<\/p>\n<p>Reiter\u00f3 su confianza en que este nombramiento marcar\u00e1 el inicio de una nueva etapa para las veracruzanas, orientada al cumplimiento y respeto de sus derechos de manera inclusiva y sin violencias.<\/p>\n<p>Finalmente coment\u00f3, \u201csu visi\u00f3n contribuir\u00e1 al impulso de pol\u00edticas p\u00fablicas que respondan a las necesidades y derechos de las mujeres veracruzanas. Sin duda, celebramos este nombramiento como un paso firme hacia un Veracruz m\u00e1s equitativo e incluyente\u201d.<\/p>\n","protected":false},"excerpt":{"rendered":"<p>Dar\u00edo Pale Xalapa, Ver.- Designaci\u00f3n de titular del IVM es un paso firme hacia un Veracruz m\u00e1s equitativo e incluyente, por lo que celebr\u00f3 que la reciente designaci\u00f3n de Zaira del Toro Olivares como titular del Instituto Veracruzano de las Mujeres (IVM), tras siete a\u00f1os sin una direcci\u00f3n oficial en dicha instancia, lo cual consider\u00f3 [&hellip;]<\/p>\n","protected":false},"author":2476,"featured_media":66166,"comment_status":"open","ping_status":"open","sticky":false,"template":"","format":"standard","meta":{"_jetpack_memberships_contains_paid_content":false,"footnotes":""},"categories":[3],"tags":[],"class_list":["post-66165","post","type-post","status-publish","format-standard","has-post-thumbnail","hentry","category-xalapa"],"jetpack_featured_media_url":"https:\/\/encuentroinformativo.com.mx\/wp-content\/uploads\/2025\/04\/IMG-20250423-WA0181.jpg","jetpack_sharing_enabled":true,"jetpack_likes_enabled":true,"amp_enabled":true,"_links":{"self":[{"href":"https:\/\/encuentroinformativo.com.mx\/index.php?rest_route=\/wp\/v2\/posts\/66165","targetHints":{"allow":["GET"]}}],"collection":[{"href":"https:\/\/encuentroinformativo.com.mx\/index.php?rest_route=\/wp\/v2\/posts"}],"about":[{"href":"https:\/\/encuentroinformativo.com.mx\/index.php?rest_route=\/wp\/v2\/types\/post"}],"author":[{"embeddable":true,"href":"https:\/\/encuentroinformativo.com.mx\/index.php?rest_route=\/wp\/v2\/users\/2476"}],"replies":[{"embeddable":true,"href":"https:\/\/encuentroinformativo.com.mx\/index.php?rest_route=%2Fwp%2Fv2%2Fcomments&post=66165"}],"version-history":[{"count":1,"href":"https:\/\/encuentroinformativo.com.mx\/index.php?rest_route=\/wp\/v2\/posts\/66165\/revisions"}],"predecessor-version":[{"id":66167,"href":"https:\/\/encuentroinformativo.com.mx\/index.php?rest_route=\/wp\/v2\/posts\/66165\/revisions\/66167"}],"wp:featuredmedia":[{"embeddable":true,"href":"https:\/\/encuentroinformativo.com.mx\/index.php?rest_route=\/wp\/v2\/media\/66166"}],"wp:attachment":[{"href":"https:\/\/encuentroinformativo.com.mx\/index.php?rest_route=%2Fwp%2Fv2%2Fmedia&parent=66165"}],"wp:term":[{"taxonomy":"category","embeddable":true,"href":"https:\/\/encuentroinformativo.com.mx\/index.php?rest_route=%2Fwp%2Fv2%2Fcategories&post=66165"},{"taxonomy":"post_tag","embeddable":true,"href":"https:\/\/encuentroinformativo.com.mx\/index.php?rest_route=%2Fwp%2Fv2%2Ftags&post=66165"}],"curies":[{"name":"wp","href":"https:\/\/api.w.org\/{rel}","templated":true}]}}