{"id":66179,"date":"2025-04-23T20:19:36","date_gmt":"2025-04-24T02:19:36","guid":{"rendered":"https:\/\/encuentroinformativo.com.mx\/?p=66179"},"modified":"2025-04-23T20:19:36","modified_gmt":"2025-04-24T02:19:36","slug":"finiquitan-conflicto-juridico-amsa-y-productores-de-cafe-de-ixhuatlan","status":"publish","type":"post","link":"https:\/\/encuentroinformativo.com.mx\/?p=66179","title":{"rendered":"Finiquitan conflicto jur\u00eddico AMSA y productores de caf\u00e9 de Ixhuatl\u00e1n"},"content":{"rendered":"<p><strong>* Ambas partes coincidieron en que el di\u00e1logo y la negociaci\u00f3n, fueron los elementos fundamentales para llegar a este acuerdo.<\/strong><\/p>\n<p><strong>* El gobierno federal a trav\u00e9s de la SADER celebr\u00f3 la culminaci\u00f3n del conflicto, en beneficio de la cafeticultura de la entidad.<\/strong><\/p>\n<p>Ixhuatl\u00e1n del Caf\u00e9, Ver.- La empresa Agroindustrias Unidas de M\u00e9xico S. A. de C.V. (AMSA) sign\u00f3 un convenio con el cual queda finiquitado, de manera definitiva, el conflicto jur\u00eddico surgido hace m\u00e1s de tres a\u00f1os entre productores del arom\u00e1tico y el beneficio de caf\u00e9 situado en el municipio de Ixhuatl\u00e1n en la regi\u00f3n de las Altas Monta\u00f1as.<\/p>\n<p>La empresa y productores subrayaron que la culminaci\u00f3n del conflicto, -que surgi\u00f3 en enero de 2022-, se acord\u00f3 despu\u00e9s de dar prioridad a la comunicaci\u00f3n, negociaci\u00f3n y al di\u00e1logo abierto y constructivo, de ambas partes en beneficio de todos los actores.<\/p>\n<p>C\u00f3mo se recordar\u00e1, AMSA present\u00f3 denuncias penales despu\u00e9s de que el beneficio de caf\u00e9 sufri\u00f3 diversos da\u00f1os y estragos por parte de varios cafeticultores, ante cuya magnitud de afectaciones al beneficio, la empresa se vio en la necesidad de presentar la denuncia jur\u00eddica correspondiente, misma que deriv\u00f3 en procesos penales en contra de los manifestantes.<\/p>\n<p>Est\u00e1s denuncias, procesos, apelaciones y amparos fueron motivos de diversos conflictos entre la empresa denunciante y los productores denunciados; no obstante, -en representaci\u00f3n del secretario de Agricultura y Desarrollo Rural (SADER) Julio Berdegu\u00e9-, el titular de la delegaci\u00f3n en el Estado de Veracruz, Evaristo Ovando Ram\u00edrez, como testigo de honor, manifest\u00f3 su benepl\u00e1cito por &#8220;la culminaci\u00f3n del conflicto, en beneficio de la agroindustria cafetalera&#8221;.<\/p>\n<p>El acuerdo firmado por el representante legal de AMSA, Jorge Carmelo P\u00e9rez Sanfilippo, destaca la voluntad de culminar este cap\u00edtulo de conflicto; por ello, hacen saber a la opini\u00f3n p\u00fablica y a los medios de comunicaci\u00f3n lo siguiente:<\/p>\n<p>1.- &#8220;Las partes han llegado a un acuerdo definitivo&#8221;.<br \/>\n2.-&#8220;Las partes condenan y reprochan cualquier acto que atente en contra de cualquier persona, empresa o entidad ligada a las partes, en lo relacionado con el juicio derivado del diferendo&#8221; y<br \/>\n3.-&#8220;Las partes expresan que la comunicaci\u00f3n y el di\u00e1logo son el medio de negociaci\u00f3n para mejorar las condiciones de la cafeticultura nacional y refrendan la intenci\u00f3n de buscar mecanismos que contribuyan a mejorar el bienestar de las familias cafetaleras, siempre en el marco de la legalidad, la formalidad y el respeto irrestricto al Estado de Derecho&#8221;<\/p>\n<p>Por su parte, la empresa AMSA ratific\u00f3 la decisi\u00f3n de desistirse de la querella ante las autoridades competentes por delitos de estragos y todos los procesos relacionados, as\u00ed como de cualquier nueva acci\u00f3n sobre los hechos relativos al conflicto, a fin de que se d\u00e9 por terminado el mismo, ratificando el desistimiento ante los tribunales correspondientes.<\/p>\n<p>Por su parte, los integrantes del grupo de acusados: Minervo Cantor Pe\u00f1a, Cirio Ruiz Gonz\u00e1lez, Crisanto Valiente Miram\u00f3n, Abraham Cabal Pulido, Ambrosio Pe\u00f1a Castro, Tel\u00e9sforo Pe\u00f1a Castro, Judith Soledad Valerio Mart\u00ednez, Jos\u00e9 Adolfo Herrera, Viridiana Bret\u00f3n Feito -expresidenta municipal de Ixhuatl\u00e1n del Caf\u00e9- y Fernando Celis Callejas en su calidad de apoderado Legal de la Coordinadora Nacional de Organizaciones Cafetaleras (CNOC), manifestaron su decisi\u00f3n de no realizar ninguna acci\u00f3n legal en contra de la empresa y su personal, as\u00ed como su decisi\u00f3n firmar el presente acuerdo en aras de dar por terminado el conflicto.<\/p>\n","protected":false},"excerpt":{"rendered":"<p>* Ambas partes coincidieron en que el di\u00e1logo y la negociaci\u00f3n, fueron los elementos fundamentales para llegar a este acuerdo. * El gobierno federal a trav\u00e9s de la SADER celebr\u00f3 la culminaci\u00f3n del conflicto, en beneficio de la cafeticultura de la entidad. Ixhuatl\u00e1n del Caf\u00e9, Ver.- La empresa Agroindustrias Unidas de M\u00e9xico S. A. de [&hellip;]<\/p>\n","protected":false},"author":2476,"featured_media":66180,"comment_status":"open","ping_status":"open","sticky":false,"template":"","format":"standard","meta":{"_jetpack_memberships_contains_paid_content":false,"footnotes":""},"categories":[2],"tags":[],"class_list":["post-66179","post","type-post","status-publish","format-standard","has-post-thumbnail","hentry","category-estado"],"jetpack_featured_media_url":"https:\/\/encuentroinformativo.com.mx\/wp-content\/uploads\/2025\/04\/IMG-20250423-WA04242.jpg","jetpack_sharing_enabled":true,"jetpack_likes_enabled":true,"amp_enabled":true,"_links":{"self":[{"href":"https:\/\/encuentroinformativo.com.mx\/index.php?rest_route=\/wp\/v2\/posts\/66179","targetHints":{"allow":["GET"]}}],"collection":[{"href":"https:\/\/encuentroinformativo.com.mx\/index.php?rest_route=\/wp\/v2\/posts"}],"about":[{"href":"https:\/\/encuentroinformativo.com.mx\/index.php?rest_route=\/wp\/v2\/types\/post"}],"author":[{"embeddable":true,"href":"https:\/\/encuentroinformativo.com.mx\/index.php?rest_route=\/wp\/v2\/users\/2476"}],"replies":[{"embeddable":true,"href":"https:\/\/encuentroinformativo.com.mx\/index.php?rest_route=%2Fwp%2Fv2%2Fcomments&post=66179"}],"version-history":[{"count":1,"href":"https:\/\/encuentroinformativo.com.mx\/index.php?rest_route=\/wp\/v2\/posts\/66179\/revisions"}],"predecessor-version":[{"id":66181,"href":"https:\/\/encuentroinformativo.com.mx\/index.php?rest_route=\/wp\/v2\/posts\/66179\/revisions\/66181"}],"wp:featuredmedia":[{"embeddable":true,"href":"https:\/\/encuentroinformativo.com.mx\/index.php?rest_route=\/wp\/v2\/media\/66180"}],"wp:attachment":[{"href":"https:\/\/encuentroinformativo.com.mx\/index.php?rest_route=%2Fwp%2Fv2%2Fmedia&parent=66179"}],"wp:term":[{"taxonomy":"category","embeddable":true,"href":"https:\/\/encuentroinformativo.com.mx\/index.php?rest_route=%2Fwp%2Fv2%2Fcategories&post=66179"},{"taxonomy":"post_tag","embeddable":true,"href":"https:\/\/encuentroinformativo.com.mx\/index.php?rest_route=%2Fwp%2Fv2%2Ftags&post=66179"}],"curies":[{"name":"wp","href":"https:\/\/api.w.org\/{rel}","templated":true}]}}