{"id":66185,"date":"2025-04-24T08:36:06","date_gmt":"2025-04-24T14:36:06","guid":{"rendered":"https:\/\/encuentroinformativo.com.mx\/?p=66185"},"modified":"2025-04-24T08:36:06","modified_gmt":"2025-04-24T14:36:06","slug":"lleva-congreso-consulta-para-reforma-constitucional-a-zonas-indigenas-de-veracruz","status":"publish","type":"post","link":"https:\/\/encuentroinformativo.com.mx\/?p=66185","title":{"rendered":"Lleva Congreso consulta para reforma constitucional a zonas ind\u00edgenas de Veracruz"},"content":{"rendered":"<p><strong>* Realizan diputadas y diputados jornadas informativas en distintos municipios del estado.<\/strong><\/p>\n<p style=\"font-weight: 400;\">Xalapa, Ver.- Diputadas y diputados de la LXVII Legislatura de Veracruz realizaron, este mi\u00e9rcoles, en seis sedes, los Foros de Consulta libre, previa, informada, de buena fe y culturalmente adecuada a los pueblos y comunidades ind\u00edgenas y afromexicanas de la entidad, en relaci\u00f3n con la iniciativa de reforma al Art\u00edculo 5\u00b0 de la Constituci\u00f3n Pol\u00edtica del estado, presentada a esta Soberan\u00eda el 8 de enero pasado por la gobernadora de Veracruz, Roc\u00edo Nahle Garc\u00eda.<\/p>\n<p style=\"font-weight: 400;\">El presidente de la Comisi\u00f3n Permanente de Justicia y Puntos Constitucionales, diputado Carlos Marcelo Ruiz S\u00e1nchez, explic\u00f3 a los habitantes de Tantoyuca el contenido y la importancia de la propuesta de la jefa del Ejecutivo estatal de armonizaci\u00f3n del texto constitucional local con el Art\u00edculo 2\u00b0 de la Carta Magna federal.<\/p>\n<p style=\"font-weight: 400;\">A su vez, el presidente de la Comisi\u00f3n Permanente de Asuntos Ind\u00edgenas y de las Comunidades Afrodescendientes, diputado Urbano Bautista Mart\u00ednez, asisti\u00f3 al foro realizado en el municipio de Playa Vicente, donde respondieron a la convocatoria 194 personas, entre autoridades locales, representantes de instituciones y de dependencias de gobierno, as\u00ed como habitantes.<\/p>\n<p style=\"font-weight: 400;\">Asimismo, el diputado Diego Casta\u00f1eda Aburto acudi\u00f3 al municipio de Benito Ju\u00e1rez, donde se cont\u00f3 con la presencia de 491 autoridades de pueblos originarios de la regi\u00f3n Huasteca. Ante las y los asistentes, destac\u00f3 la participaci\u00f3n, el trabajo coordinado, la uni\u00f3n de esfuerzos, la escucha, el di\u00e1logo y el compromiso de legislar atendiendo siempre los intereses de las y los beneficiarios.<\/p>\n<p style=\"font-weight: 400;\">En Papantla, la secretaria de la Comisi\u00f3n de Asuntos Ind\u00edgenas y de las Comunidades Afrodescendientes y representante del Distrito VI, diputada Miriam Garc\u00eda Guzm\u00e1n, encabez\u00f3 el encuentro en el que se realizaron las etapas de acuerdos previos e informativa y reconoci\u00f3 el inter\u00e9s de la poblaci\u00f3n y la labor de organismos como el Instituto Nacional de los Pueblos Ind\u00edgenas (INPI) y la Comisi\u00f3n Estatal de los Derechos Humanos de Veracruz (CEDHV).<\/p>\n<p style=\"font-weight: 400;\">Asimismo, la vocal de la Comisi\u00f3n Permanente de Asuntos Ind\u00edgenas y de las Comunidades Afrodescendientes y representante del Distrito XXII, diputada Dulce Mar\u00eda Hern\u00e1ndez Tepole, estuvo presente en el foro realizado en Tequila, donde 790 congresistas, entre l\u00edderes comunitarios y sociales, comisariados, consejos de vigilancia y p\u00fablico en general aprobaron las consultas realizadas.<\/p>\n<p style=\"font-weight: 400;\">La diputada Naomi Edith G\u00f3mez Santos, estuvo en Huazuntl\u00e1n, municipio de Mecayapan, donde presidi\u00f3 la consulta y escuch\u00f3 a los representantes de los pueblos y comunidades ind\u00edgenas y afromexicanas, con quienes dialog\u00f3 sobre la trascendencia de la Iniciativa de reforma al Art\u00edculo 5 de la Constituci\u00f3n de Veracruz y la necesidad de converger en este esfuerzo com\u00fan del pueblo y sus representantes.<\/p>\n<p><img loading=\"lazy\" decoding=\"async\" class=\"alignnone size-medium wp-image-66187\" src=\"https:\/\/encuentroinformativo.com.mx\/wp-content\/uploads\/2025\/04\/NOV23ABRIL2025CONSULTAPUEBLOS7-300x225.jpeg\" alt=\"\" width=\"300\" height=\"225\" srcset=\"https:\/\/encuentroinformativo.com.mx\/wp-content\/uploads\/2025\/04\/NOV23ABRIL2025CONSULTAPUEBLOS7-300x225.jpeg 300w, https:\/\/encuentroinformativo.com.mx\/wp-content\/uploads\/2025\/04\/NOV23ABRIL2025CONSULTAPUEBLOS7-1024x768.jpeg 1024w, https:\/\/encuentroinformativo.com.mx\/wp-content\/uploads\/2025\/04\/NOV23ABRIL2025CONSULTAPUEBLOS7-768x576.jpeg 768w, https:\/\/encuentroinformativo.com.mx\/wp-content\/uploads\/2025\/04\/NOV23ABRIL2025CONSULTAPUEBLOS7-1536x1152.jpeg 1536w, https:\/\/encuentroinformativo.com.mx\/wp-content\/uploads\/2025\/04\/NOV23ABRIL2025CONSULTAPUEBLOS7.jpeg 1600w\" sizes=\"auto, (max-width: 300px) 100vw, 300px\" \/><\/p>\n","protected":false},"excerpt":{"rendered":"<p>* Realizan diputadas y diputados jornadas informativas en distintos municipios del estado. Xalapa, Ver.- Diputadas y diputados de la LXVII Legislatura de Veracruz realizaron, este mi\u00e9rcoles, en seis sedes, los Foros de Consulta libre, previa, informada, de buena fe y culturalmente adecuada a los pueblos y comunidades ind\u00edgenas y afromexicanas de la entidad, en relaci\u00f3n [&hellip;]<\/p>\n","protected":false},"author":2476,"featured_media":66186,"comment_status":"open","ping_status":"open","sticky":false,"template":"","format":"standard","meta":{"_jetpack_memberships_contains_paid_content":false,"footnotes":""},"categories":[2],"tags":[],"class_list":["post-66185","post","type-post","status-publish","format-standard","has-post-thumbnail","hentry","category-estado"],"jetpack_featured_media_url":"https:\/\/encuentroinformativo.com.mx\/wp-content\/uploads\/2025\/04\/NOV23ABRIL2025CONSULTAPUEBLOS4.jpg","jetpack_sharing_enabled":true,"jetpack_likes_enabled":true,"amp_enabled":true,"_links":{"self":[{"href":"https:\/\/encuentroinformativo.com.mx\/index.php?rest_route=\/wp\/v2\/posts\/66185","targetHints":{"allow":["GET"]}}],"collection":[{"href":"https:\/\/encuentroinformativo.com.mx\/index.php?rest_route=\/wp\/v2\/posts"}],"about":[{"href":"https:\/\/encuentroinformativo.com.mx\/index.php?rest_route=\/wp\/v2\/types\/post"}],"author":[{"embeddable":true,"href":"https:\/\/encuentroinformativo.com.mx\/index.php?rest_route=\/wp\/v2\/users\/2476"}],"replies":[{"embeddable":true,"href":"https:\/\/encuentroinformativo.com.mx\/index.php?rest_route=%2Fwp%2Fv2%2Fcomments&post=66185"}],"version-history":[{"count":1,"href":"https:\/\/encuentroinformativo.com.mx\/index.php?rest_route=\/wp\/v2\/posts\/66185\/revisions"}],"predecessor-version":[{"id":66188,"href":"https:\/\/encuentroinformativo.com.mx\/index.php?rest_route=\/wp\/v2\/posts\/66185\/revisions\/66188"}],"wp:featuredmedia":[{"embeddable":true,"href":"https:\/\/encuentroinformativo.com.mx\/index.php?rest_route=\/wp\/v2\/media\/66186"}],"wp:attachment":[{"href":"https:\/\/encuentroinformativo.com.mx\/index.php?rest_route=%2Fwp%2Fv2%2Fmedia&parent=66185"}],"wp:term":[{"taxonomy":"category","embeddable":true,"href":"https:\/\/encuentroinformativo.com.mx\/index.php?rest_route=%2Fwp%2Fv2%2Fcategories&post=66185"},{"taxonomy":"post_tag","embeddable":true,"href":"https:\/\/encuentroinformativo.com.mx\/index.php?rest_route=%2Fwp%2Fv2%2Ftags&post=66185"}],"curies":[{"name":"wp","href":"https:\/\/api.w.org\/{rel}","templated":true}]}}