{"id":6619,"date":"2020-10-07T12:42:09","date_gmt":"2020-10-07T17:42:09","guid":{"rendered":"https:\/\/encuentroinformativo.com.mx\/?p=6619"},"modified":"2020-10-07T12:42:12","modified_gmt":"2020-10-07T17:42:12","slug":"continuara-modernizacion-en-riviera-veracruzana","status":"publish","type":"post","link":"https:\/\/encuentroinformativo.com.mx\/?p=6619","title":{"rendered":"Continuar\u00e1 modernizaci\u00f3n en Riviera Veracruzana"},"content":{"rendered":"\n<p><strong>Alejandro \u00c1vila<\/strong><\/p>\n\n\n\n<p>Alvarado, Ver.- En 2020 el Ayuntamiento de Alvarado prometi\u00f3 que el bulevar Riviera Veracruzana ser\u00eda modernizado en su alumbrado, esto en tres etapas.<\/p>\n\n\n\n<p>Cabe recordar que por falta de cruces peatonales y fallas en alumbrado p\u00fablico, el bulevar increment\u00f3 el n\u00famero de accidentes, por tal motivo, desde que la Secretar\u00eda de Comunicaciones y Transporte entreg\u00f3 dicho tramo de la carretera 150 al municipio, este comenz\u00f3 con la inversi\u00f3n para su remodelaci\u00f3n.<\/p>\n\n\n\n<p>Este martes por la noche, el alcalde de Alvarado, Bogar Ruiz Rosas, inaugur\u00f3 la segunda etapa del sistema de iluminaci\u00f3n del bulevar Riviera Veracruzana, con una inversi\u00f3n de casi 5 millones de pesos, el tramo mejorado fue de la localidad de Mandinga a la comunidad de La Aguada.<\/p>\n\n\n\n<p>Dicha obra fue realizada con l\u00e1mparas de tecnolog\u00eda LED; Ruiz Rosas reiter\u00f3 que antes del t\u00e9rmino de la administraci\u00f3n, estar\u00e1 concluida la tercera y \u00faltima etapa que iluminar\u00e1 esta v\u00eda hasta la comunidad de Ant\u00f3n Lizardo.&nbsp;<\/p>\n","protected":false},"excerpt":{"rendered":"<p>Alejandro \u00c1vila Alvarado, Ver.- En 2020 el Ayuntamiento de Alvarado prometi\u00f3 que el bulevar Riviera Veracruzana ser\u00eda modernizado en su alumbrado, esto en tres etapas. Cabe recordar que por falta de cruces peatonales y fallas en alumbrado p\u00fablico, el bulevar increment\u00f3 el n\u00famero de accidentes, por tal motivo, desde que la Secretar\u00eda de Comunicaciones y [&hellip;]<\/p>\n","protected":false},"author":1,"featured_media":6620,"comment_status":"open","ping_status":"open","sticky":false,"template":"","format":"standard","meta":{"_jetpack_memberships_contains_paid_content":false,"footnotes":""},"categories":[2],"tags":[],"class_list":["post-6619","post","type-post","status-publish","format-standard","has-post-thumbnail","hentry","category-estado"],"jetpack_featured_media_url":"https:\/\/encuentroinformativo.com.mx\/wp-content\/uploads\/2020\/10\/6F50C2C4-39E6-48E0-BB78-26B2319F82D8.jpeg","jetpack_sharing_enabled":true,"jetpack_likes_enabled":true,"amp_enabled":true,"_links":{"self":[{"href":"https:\/\/encuentroinformativo.com.mx\/index.php?rest_route=\/wp\/v2\/posts\/6619","targetHints":{"allow":["GET"]}}],"collection":[{"href":"https:\/\/encuentroinformativo.com.mx\/index.php?rest_route=\/wp\/v2\/posts"}],"about":[{"href":"https:\/\/encuentroinformativo.com.mx\/index.php?rest_route=\/wp\/v2\/types\/post"}],"author":[{"embeddable":true,"href":"https:\/\/encuentroinformativo.com.mx\/index.php?rest_route=\/wp\/v2\/users\/1"}],"replies":[{"embeddable":true,"href":"https:\/\/encuentroinformativo.com.mx\/index.php?rest_route=%2Fwp%2Fv2%2Fcomments&post=6619"}],"version-history":[{"count":1,"href":"https:\/\/encuentroinformativo.com.mx\/index.php?rest_route=\/wp\/v2\/posts\/6619\/revisions"}],"predecessor-version":[{"id":6621,"href":"https:\/\/encuentroinformativo.com.mx\/index.php?rest_route=\/wp\/v2\/posts\/6619\/revisions\/6621"}],"wp:featuredmedia":[{"embeddable":true,"href":"https:\/\/encuentroinformativo.com.mx\/index.php?rest_route=\/wp\/v2\/media\/6620"}],"wp:attachment":[{"href":"https:\/\/encuentroinformativo.com.mx\/index.php?rest_route=%2Fwp%2Fv2%2Fmedia&parent=6619"}],"wp:term":[{"taxonomy":"category","embeddable":true,"href":"https:\/\/encuentroinformativo.com.mx\/index.php?rest_route=%2Fwp%2Fv2%2Fcategories&post=6619"},{"taxonomy":"post_tag","embeddable":true,"href":"https:\/\/encuentroinformativo.com.mx\/index.php?rest_route=%2Fwp%2Fv2%2Ftags&post=6619"}],"curies":[{"name":"wp","href":"https:\/\/api.w.org\/{rel}","templated":true}]}}