{"id":66193,"date":"2025-04-24T11:25:39","date_gmt":"2025-04-24T17:25:39","guid":{"rendered":"https:\/\/encuentroinformativo.com.mx\/?p=66193"},"modified":"2025-04-24T11:25:39","modified_gmt":"2025-04-24T17:25:39","slug":"se-registro-persecucion-y-detonaciones-en-angel-r-cabada","status":"publish","type":"post","link":"https:\/\/encuentroinformativo.com.mx\/?p=66193","title":{"rendered":"Se registr\u00f3 persecuci\u00f3n y detonaciones en \u00c1ngel R. Cabada"},"content":{"rendered":"<p><strong>Alejandro \u00c1vila<\/strong><\/p>\n<p>\u00c1ngel R. Cabada, Ver.- Alarma y zozobra vivieron vecinos de la localidad de El Panatl\u00e1n la noche de este mi\u00e9rcoles 23 de abril tras la persecuci\u00f3n y detonaciones de arma de fuego que se realiz\u00f3 en la comunidad perteneciente al municipio de \u00c1ngel R. Cabada.<\/p>\n<p>Vecinos de la mencionada localidad denunciaron al n\u00famero de emergencias 911 a unos sujetos que se encontraban ingiriendo bebidas alcoh\u00f3licas y realizaban disparos al aire, al punto acudi\u00f3 la patrulla SPM-07 a cargo del comandante Luis Arturo Zamudio Cuevas, al ver la llegada de los uniformados los maleantes emprendieron huida en su veh\u00edculo y se inici\u00f3 una persecuci\u00f3n.<\/p>\n<p>A manera de amedrentar y evitar ser capturados, los sujetos que viajaban en un autom\u00f3vil Volkswagen tipo Jetta color blanco realizaron detonaciones en contra de la patrulla de la Polic\u00eda Estatal; minutos m\u00e1s tarde el agresor se meti\u00f3 al campo deportivo de la localidad y dej\u00f3 abandonado su veh\u00edculo para huir entre los matorrales.<\/p>\n<p>Los elementos de la Polic\u00eda Estatal aseguraron la unidad y fue puesta a disposici\u00f3n en la Fiscal\u00eda Regional donde se iniciar\u00e1n las investigaciones para dar con el agresor que, afortunadamente, no logr\u00f3 impactar con sus bala en la patrulla o generar lesiones en los uniformados.<\/p>\n<p><img loading=\"lazy\" decoding=\"async\" class=\"alignnone size-medium wp-image-66195\" src=\"https:\/\/encuentroinformativo.com.mx\/wp-content\/uploads\/2025\/04\/IMG-20250424-WA0071-300x225.jpg\" alt=\"\" width=\"300\" height=\"225\" srcset=\"https:\/\/encuentroinformativo.com.mx\/wp-content\/uploads\/2025\/04\/IMG-20250424-WA0071-300x225.jpg 300w, https:\/\/encuentroinformativo.com.mx\/wp-content\/uploads\/2025\/04\/IMG-20250424-WA0071-1024x768.jpg 1024w, https:\/\/encuentroinformativo.com.mx\/wp-content\/uploads\/2025\/04\/IMG-20250424-WA0071-768x576.jpg 768w, https:\/\/encuentroinformativo.com.mx\/wp-content\/uploads\/2025\/04\/IMG-20250424-WA0071-1536x1152.jpg 1536w, https:\/\/encuentroinformativo.com.mx\/wp-content\/uploads\/2025\/04\/IMG-20250424-WA0071.jpg 1600w\" sizes=\"auto, (max-width: 300px) 100vw, 300px\" \/><\/p>\n","protected":false},"excerpt":{"rendered":"<p>Alejandro \u00c1vila \u00c1ngel R. Cabada, Ver.- Alarma y zozobra vivieron vecinos de la localidad de El Panatl\u00e1n la noche de este mi\u00e9rcoles 23 de abril tras la persecuci\u00f3n y detonaciones de arma de fuego que se realiz\u00f3 en la comunidad perteneciente al municipio de \u00c1ngel R. Cabada. Vecinos de la mencionada localidad denunciaron al n\u00famero [&hellip;]<\/p>\n","protected":false},"author":2476,"featured_media":66194,"comment_status":"open","ping_status":"open","sticky":false,"template":"","format":"standard","meta":{"_jetpack_memberships_contains_paid_content":false,"footnotes":""},"categories":[14],"tags":[],"class_list":["post-66193","post","type-post","status-publish","format-standard","has-post-thumbnail","hentry","category-policiaca"],"jetpack_featured_media_url":"https:\/\/encuentroinformativo.com.mx\/wp-content\/uploads\/2025\/04\/IMG-20250424-WA00702.jpg","jetpack_sharing_enabled":true,"jetpack_likes_enabled":true,"amp_enabled":true,"_links":{"self":[{"href":"https:\/\/encuentroinformativo.com.mx\/index.php?rest_route=\/wp\/v2\/posts\/66193","targetHints":{"allow":["GET"]}}],"collection":[{"href":"https:\/\/encuentroinformativo.com.mx\/index.php?rest_route=\/wp\/v2\/posts"}],"about":[{"href":"https:\/\/encuentroinformativo.com.mx\/index.php?rest_route=\/wp\/v2\/types\/post"}],"author":[{"embeddable":true,"href":"https:\/\/encuentroinformativo.com.mx\/index.php?rest_route=\/wp\/v2\/users\/2476"}],"replies":[{"embeddable":true,"href":"https:\/\/encuentroinformativo.com.mx\/index.php?rest_route=%2Fwp%2Fv2%2Fcomments&post=66193"}],"version-history":[{"count":1,"href":"https:\/\/encuentroinformativo.com.mx\/index.php?rest_route=\/wp\/v2\/posts\/66193\/revisions"}],"predecessor-version":[{"id":66196,"href":"https:\/\/encuentroinformativo.com.mx\/index.php?rest_route=\/wp\/v2\/posts\/66193\/revisions\/66196"}],"wp:featuredmedia":[{"embeddable":true,"href":"https:\/\/encuentroinformativo.com.mx\/index.php?rest_route=\/wp\/v2\/media\/66194"}],"wp:attachment":[{"href":"https:\/\/encuentroinformativo.com.mx\/index.php?rest_route=%2Fwp%2Fv2%2Fmedia&parent=66193"}],"wp:term":[{"taxonomy":"category","embeddable":true,"href":"https:\/\/encuentroinformativo.com.mx\/index.php?rest_route=%2Fwp%2Fv2%2Fcategories&post=66193"},{"taxonomy":"post_tag","embeddable":true,"href":"https:\/\/encuentroinformativo.com.mx\/index.php?rest_route=%2Fwp%2Fv2%2Ftags&post=66193"}],"curies":[{"name":"wp","href":"https:\/\/api.w.org\/{rel}","templated":true}]}}