{"id":66197,"date":"2025-04-24T11:45:51","date_gmt":"2025-04-24T17:45:51","guid":{"rendered":"https:\/\/encuentroinformativo.com.mx\/?p=66197"},"modified":"2025-04-24T11:45:51","modified_gmt":"2025-04-24T17:45:51","slug":"equifonia-plantea-agenda-urgente-a-la-nueva-direccion-del-instituto-veracruzano-de-las-mujeres","status":"publish","type":"post","link":"https:\/\/encuentroinformativo.com.mx\/?p=66197","title":{"rendered":"Equifon\u00eda plantea agenda urgente a la nueva direcci\u00f3n del Instituto Veracruzano de las Mujeres"},"content":{"rendered":"<p><strong>Eirinet G\u00f3mez<\/strong><\/p>\n<p>Xalapa, Ver.- La organizaci\u00f3n feminista Equifon\u00eda reconoci\u00f3 el reciente nombramiento de Zaira del Toro Olivares como nueva directora general del Instituto Veracruzano de las Mujeres (IVM) y llam\u00f3 a fortalecer la instituci\u00f3n con un presupuesto anual suficiente que garantice su operaci\u00f3n con infraestructura, personal e insumos adecuados.<\/p>\n<p>En un posicionamiento p\u00fablico, Equifon\u00eda urgi\u00f3 a la nueva administraci\u00f3n del IVM a atender de manera inmediata problem\u00e1ticas graves que afectan a las mujeres veracruzanas, tales como la violencia sexual, el feminicidio, la muerte materna, el embarazo infantil y adolescente, la pobreza y la violencia comunitaria. Se\u00f1alaron que estas situaciones se agravan por la impunidad que prevalece en la mayor\u00eda de los casos denunciados.<\/p>\n<p>Asimismo, recordaron que a casi una d\u00e9cada de la implementaci\u00f3n de las Alertas de Violencia de G\u00e9nero, es indispensable que las pol\u00edticas p\u00fablicas para proteger los derechos de las mujeres vayan m\u00e1s all\u00e1 de este mecanismo y se traduzcan en acciones concretas. Equifon\u00eda propuso que el IVM coordine el dise\u00f1o de planes y programas basados en evidencia cient\u00edfica, con enfoque interseccional y perspectiva de derechos de mujeres y ni\u00f1as, as\u00ed como con indicadores que permitan medir avances y desaf\u00edos.<\/p>\n<p>La organizaci\u00f3n reiter\u00f3 su compromiso de dar seguimiento al trabajo del IVM y se\u00f1al\u00f3 que solo mediante un esfuerzo articulado, horizontal y sostenido ser\u00e1 posible garantizar la protecci\u00f3n de los derechos de las mujeres en Veracruz.<\/p>\n<p><img loading=\"lazy\" decoding=\"async\" class=\"alignnone size-medium wp-image-66198\" src=\"https:\/\/encuentroinformativo.com.mx\/wp-content\/uploads\/2025\/04\/IMG-20250424-WA0086-232x300.jpg\" alt=\"\" width=\"232\" height=\"300\" srcset=\"https:\/\/encuentroinformativo.com.mx\/wp-content\/uploads\/2025\/04\/IMG-20250424-WA0086-232x300.jpg 232w, https:\/\/encuentroinformativo.com.mx\/wp-content\/uploads\/2025\/04\/IMG-20250424-WA0086-791x1024.jpg 791w, https:\/\/encuentroinformativo.com.mx\/wp-content\/uploads\/2025\/04\/IMG-20250424-WA0086-768x994.jpg 768w, https:\/\/encuentroinformativo.com.mx\/wp-content\/uploads\/2025\/04\/IMG-20250424-WA0086-1187x1536.jpg 1187w, https:\/\/encuentroinformativo.com.mx\/wp-content\/uploads\/2025\/04\/IMG-20250424-WA0086.jpg 1236w\" sizes=\"auto, (max-width: 232px) 100vw, 232px\" \/><\/p>\n","protected":false},"excerpt":{"rendered":"<p>Eirinet G\u00f3mez Xalapa, Ver.- La organizaci\u00f3n feminista Equifon\u00eda reconoci\u00f3 el reciente nombramiento de Zaira del Toro Olivares como nueva directora general del Instituto Veracruzano de las Mujeres (IVM) y llam\u00f3 a fortalecer la instituci\u00f3n con un presupuesto anual suficiente que garantice su operaci\u00f3n con infraestructura, personal e insumos adecuados. En un posicionamiento p\u00fablico, Equifon\u00eda urgi\u00f3 [&hellip;]<\/p>\n","protected":false},"author":2476,"featured_media":66198,"comment_status":"open","ping_status":"open","sticky":false,"template":"","format":"standard","meta":{"_jetpack_memberships_contains_paid_content":false,"footnotes":""},"categories":[2],"tags":[],"class_list":["post-66197","post","type-post","status-publish","format-standard","has-post-thumbnail","hentry","category-estado"],"jetpack_featured_media_url":"https:\/\/encuentroinformativo.com.mx\/wp-content\/uploads\/2025\/04\/IMG-20250424-WA0086.jpg","jetpack_sharing_enabled":true,"jetpack_likes_enabled":true,"amp_enabled":true,"_links":{"self":[{"href":"https:\/\/encuentroinformativo.com.mx\/index.php?rest_route=\/wp\/v2\/posts\/66197","targetHints":{"allow":["GET"]}}],"collection":[{"href":"https:\/\/encuentroinformativo.com.mx\/index.php?rest_route=\/wp\/v2\/posts"}],"about":[{"href":"https:\/\/encuentroinformativo.com.mx\/index.php?rest_route=\/wp\/v2\/types\/post"}],"author":[{"embeddable":true,"href":"https:\/\/encuentroinformativo.com.mx\/index.php?rest_route=\/wp\/v2\/users\/2476"}],"replies":[{"embeddable":true,"href":"https:\/\/encuentroinformativo.com.mx\/index.php?rest_route=%2Fwp%2Fv2%2Fcomments&post=66197"}],"version-history":[{"count":2,"href":"https:\/\/encuentroinformativo.com.mx\/index.php?rest_route=\/wp\/v2\/posts\/66197\/revisions"}],"predecessor-version":[{"id":66200,"href":"https:\/\/encuentroinformativo.com.mx\/index.php?rest_route=\/wp\/v2\/posts\/66197\/revisions\/66200"}],"wp:featuredmedia":[{"embeddable":true,"href":"https:\/\/encuentroinformativo.com.mx\/index.php?rest_route=\/wp\/v2\/media\/66198"}],"wp:attachment":[{"href":"https:\/\/encuentroinformativo.com.mx\/index.php?rest_route=%2Fwp%2Fv2%2Fmedia&parent=66197"}],"wp:term":[{"taxonomy":"category","embeddable":true,"href":"https:\/\/encuentroinformativo.com.mx\/index.php?rest_route=%2Fwp%2Fv2%2Fcategories&post=66197"},{"taxonomy":"post_tag","embeddable":true,"href":"https:\/\/encuentroinformativo.com.mx\/index.php?rest_route=%2Fwp%2Fv2%2Ftags&post=66197"}],"curies":[{"name":"wp","href":"https:\/\/api.w.org\/{rel}","templated":true}]}}