{"id":66204,"date":"2025-04-24T13:43:58","date_gmt":"2025-04-24T19:43:58","guid":{"rendered":"https:\/\/encuentroinformativo.com.mx\/?p=66204"},"modified":"2025-04-24T13:43:58","modified_gmt":"2025-04-24T19:43:58","slug":"defiende-diputado-trabajo-de-secretaria-de-bienestar","status":"publish","type":"post","link":"https:\/\/encuentroinformativo.com.mx\/?p=66204","title":{"rendered":"Defiende diputado trabajo de secretaria de Bienestar"},"content":{"rendered":"<p><strong>Dar\u00edo Pale<\/strong><\/p>\n<p>Xalapa, Ver.- El diputado federal Adrian Gonz\u00e1lez Naveda cerr\u00f3 filas a favor de Ariadna Montiel, Secretaria del Bienestar record\u00f3 que fue ella quien inici\u00f3 el proceso in\u00e9dito de atenci\u00f3n a los ciudadanos.<\/p>\n<p>En entrevista cerr\u00f3 filas a nombre de la comisi\u00f3n de Bienestar de la C\u00e1mara de Diputados, a favor de la Secretaria del Bienestar Ariadna Montiel Reyes.<\/p>\n<p>Dijo que a lo largo de su trayectoria en los gobiernos de la cuarta transformaci\u00f3n se ha conducido con honestidad.<\/p>\n<p>Record\u00f3 que fue una de las primeras que inici\u00f3 el proceso in\u00e9dito de atenci\u00f3n al ciudadano donde el gobierno realmente estuviera al servicio del pueblo.<\/p>\n<p>&#8220;Primero como subsecretar\u00eda del Bienestar y despu\u00e9s como Secretaria del ramo y con su trabajo diario garantiza los que ya son derechos constitucionales a la ciudadan\u00eda&#8221;, se\u00f1al\u00f3.<\/p>\n<p>Actualmente, destac\u00f3, son millones de personas los derechohabientes que reciben los programas &#8220;y eso es gracias al esfuerzo de miles de trabajadores al servicio de la naci\u00f3n&#8221;.<\/p>\n<p>Cabe recordar que en d\u00edas pasados, un grupo de diputados de Morena pidi\u00f3 la renuncia de la secretaria del Bienestar, Ariadna Montiel Reyes, a la que se\u00f1alaron de actuar de forma desp\u00f3tica hacia los legisladores e incluso ventilaron presuntos casos de corrupci\u00f3n en la dependencia.<\/p>\n","protected":false},"excerpt":{"rendered":"<p>Dar\u00edo Pale Xalapa, Ver.- El diputado federal Adrian Gonz\u00e1lez Naveda cerr\u00f3 filas a favor de Ariadna Montiel, Secretaria del Bienestar record\u00f3 que fue ella quien inici\u00f3 el proceso in\u00e9dito de atenci\u00f3n a los ciudadanos. En entrevista cerr\u00f3 filas a nombre de la comisi\u00f3n de Bienestar de la C\u00e1mara de Diputados, a favor de la Secretaria [&hellip;]<\/p>\n","protected":false},"author":2476,"featured_media":66205,"comment_status":"open","ping_status":"open","sticky":false,"template":"","format":"standard","meta":{"_jetpack_memberships_contains_paid_content":false,"footnotes":""},"categories":[12],"tags":[],"class_list":["post-66204","post","type-post","status-publish","format-standard","has-post-thumbnail","hentry","category-nacional"],"jetpack_featured_media_url":"https:\/\/encuentroinformativo.com.mx\/wp-content\/uploads\/2025\/04\/IMG-20250424-WA0144.jpg","jetpack_sharing_enabled":true,"jetpack_likes_enabled":true,"amp_enabled":true,"_links":{"self":[{"href":"https:\/\/encuentroinformativo.com.mx\/index.php?rest_route=\/wp\/v2\/posts\/66204","targetHints":{"allow":["GET"]}}],"collection":[{"href":"https:\/\/encuentroinformativo.com.mx\/index.php?rest_route=\/wp\/v2\/posts"}],"about":[{"href":"https:\/\/encuentroinformativo.com.mx\/index.php?rest_route=\/wp\/v2\/types\/post"}],"author":[{"embeddable":true,"href":"https:\/\/encuentroinformativo.com.mx\/index.php?rest_route=\/wp\/v2\/users\/2476"}],"replies":[{"embeddable":true,"href":"https:\/\/encuentroinformativo.com.mx\/index.php?rest_route=%2Fwp%2Fv2%2Fcomments&post=66204"}],"version-history":[{"count":1,"href":"https:\/\/encuentroinformativo.com.mx\/index.php?rest_route=\/wp\/v2\/posts\/66204\/revisions"}],"predecessor-version":[{"id":66206,"href":"https:\/\/encuentroinformativo.com.mx\/index.php?rest_route=\/wp\/v2\/posts\/66204\/revisions\/66206"}],"wp:featuredmedia":[{"embeddable":true,"href":"https:\/\/encuentroinformativo.com.mx\/index.php?rest_route=\/wp\/v2\/media\/66205"}],"wp:attachment":[{"href":"https:\/\/encuentroinformativo.com.mx\/index.php?rest_route=%2Fwp%2Fv2%2Fmedia&parent=66204"}],"wp:term":[{"taxonomy":"category","embeddable":true,"href":"https:\/\/encuentroinformativo.com.mx\/index.php?rest_route=%2Fwp%2Fv2%2Fcategories&post=66204"},{"taxonomy":"post_tag","embeddable":true,"href":"https:\/\/encuentroinformativo.com.mx\/index.php?rest_route=%2Fwp%2Fv2%2Ftags&post=66204"}],"curies":[{"name":"wp","href":"https:\/\/api.w.org\/{rel}","templated":true}]}}