{"id":66207,"date":"2025-04-24T13:49:59","date_gmt":"2025-04-24T19:49:59","guid":{"rendered":"https:\/\/encuentroinformativo.com.mx\/?p=66207"},"modified":"2025-04-24T13:49:59","modified_gmt":"2025-04-24T19:49:59","slug":"en-tantoyuca-inicia-consulta-estatal-a-comunidades-indigenas-y-afromexicanas","status":"publish","type":"post","link":"https:\/\/encuentroinformativo.com.mx\/?p=66207","title":{"rendered":"En Tantoyuca, inicia Consulta Estatal a Comunidades Ind\u00edgenas y Afromexicanas"},"content":{"rendered":"<p><strong>Alejandro \u00c1vila<\/strong><\/p>\n<p>Tantoyuca, Ver.- Dieron inicio los Foros de Consulta Libre e Informada de Comunidades Ind\u00edgenas, mismas que fueron encabezadas por el diputado local, Carlos Marcelo Ruiz S\u00e1nchez y que, posteriormente, se realizar\u00e1n en cinco municipios m\u00e1s.<\/p>\n<p>Cabe destacar que, la consulta tiene como prop\u00f3sito garantizar que las voces de los pueblos originarios y afromexicanos sean escuchadas en la toma de decisiones legislativas que impactan directamente en sus derechos, cultura y formas de organizaci\u00f3n, bajo los principios de inclusi\u00f3n, respeto y equidad.<\/p>\n<p>En esta sede, los trabajos fueron encabezados por el Diputado Carlos Marcelo Ruiz S\u00e1nchez, en su calidad de Presidente de la Comisi\u00f3n de Justicia y Puntos Constitucionales del Congreso del Estado, reafirmando as\u00ed el compromiso del Poder Legislativo con la promoci\u00f3n y defensa de los derechos colectivos de los pueblos y comunidades ind\u00edgenas y afromexicanas.<\/p>\n<p>\u201cEste ejercicio forma parte del trabajo institucional para armonizar lo establecido en el art\u00edculo segundo constitucional de nuestra Carta Magna, que reconoce y garantiza el derecho a la consulta previa, libre e informada para estos pueblos y comunidades\u201d, resalt\u00f3 el Diputado.<\/p>\n<p>En el acto inaugural estuvieron presentes el Lic. Domingo Morales Bautista, en representaci\u00f3n del \u00d3rgano T\u00e9cnico del Instituto Nacional de los Pueblos Ind\u00edgenas (INPI); el Lic. Jos\u00e9 Luis Hern\u00e1ndez Galicia, en representaci\u00f3n del \u00d3rgano Garante de la Comisi\u00f3n Estatal de Derechos Humanos; la Lic. Sandra Flores Mart\u00ednez, Delegada de Pol\u00edtica Regional, en representaci\u00f3n del Gobierno del Estado; la Lic. Nelly del \u00c1ngel Flores, por parte del AVELI; y el Lic. Fernando Santiago Hern\u00e1ndez, en representaci\u00f3n del Instituto Veracruzano de Asuntos Ind\u00edgenas y Afromexicanos (IVAIS).<\/p>\n<p>La iniciativa, impulsada por la gobernadora Roc\u00edo Nahle Garc\u00eda, representa un compromiso con la justicia social, la participaci\u00f3n efectiva y la inclusi\u00f3n de todas las voces que construyen un Veracruz m\u00e1s democr\u00e1tico y respetuoso de su diversidad cultural.<\/p>\n","protected":false},"excerpt":{"rendered":"<p>Alejandro \u00c1vila Tantoyuca, Ver.- Dieron inicio los Foros de Consulta Libre e Informada de Comunidades Ind\u00edgenas, mismas que fueron encabezadas por el diputado local, Carlos Marcelo Ruiz S\u00e1nchez y que, posteriormente, se realizar\u00e1n en cinco municipios m\u00e1s. Cabe destacar que, la consulta tiene como prop\u00f3sito garantizar que las voces de los pueblos originarios y afromexicanos [&hellip;]<\/p>\n","protected":false},"author":2476,"featured_media":66208,"comment_status":"open","ping_status":"open","sticky":false,"template":"","format":"standard","meta":{"_jetpack_memberships_contains_paid_content":false,"footnotes":""},"categories":[2],"tags":[],"class_list":["post-66207","post","type-post","status-publish","format-standard","has-post-thumbnail","hentry","category-estado"],"jetpack_featured_media_url":"https:\/\/encuentroinformativo.com.mx\/wp-content\/uploads\/2025\/04\/IMG-20250424-WA0090.jpg","jetpack_sharing_enabled":true,"jetpack_likes_enabled":true,"amp_enabled":true,"_links":{"self":[{"href":"https:\/\/encuentroinformativo.com.mx\/index.php?rest_route=\/wp\/v2\/posts\/66207","targetHints":{"allow":["GET"]}}],"collection":[{"href":"https:\/\/encuentroinformativo.com.mx\/index.php?rest_route=\/wp\/v2\/posts"}],"about":[{"href":"https:\/\/encuentroinformativo.com.mx\/index.php?rest_route=\/wp\/v2\/types\/post"}],"author":[{"embeddable":true,"href":"https:\/\/encuentroinformativo.com.mx\/index.php?rest_route=\/wp\/v2\/users\/2476"}],"replies":[{"embeddable":true,"href":"https:\/\/encuentroinformativo.com.mx\/index.php?rest_route=%2Fwp%2Fv2%2Fcomments&post=66207"}],"version-history":[{"count":1,"href":"https:\/\/encuentroinformativo.com.mx\/index.php?rest_route=\/wp\/v2\/posts\/66207\/revisions"}],"predecessor-version":[{"id":66209,"href":"https:\/\/encuentroinformativo.com.mx\/index.php?rest_route=\/wp\/v2\/posts\/66207\/revisions\/66209"}],"wp:featuredmedia":[{"embeddable":true,"href":"https:\/\/encuentroinformativo.com.mx\/index.php?rest_route=\/wp\/v2\/media\/66208"}],"wp:attachment":[{"href":"https:\/\/encuentroinformativo.com.mx\/index.php?rest_route=%2Fwp%2Fv2%2Fmedia&parent=66207"}],"wp:term":[{"taxonomy":"category","embeddable":true,"href":"https:\/\/encuentroinformativo.com.mx\/index.php?rest_route=%2Fwp%2Fv2%2Fcategories&post=66207"},{"taxonomy":"post_tag","embeddable":true,"href":"https:\/\/encuentroinformativo.com.mx\/index.php?rest_route=%2Fwp%2Fv2%2Ftags&post=66207"}],"curies":[{"name":"wp","href":"https:\/\/api.w.org\/{rel}","templated":true}]}}