{"id":6622,"date":"2020-10-07T13:23:10","date_gmt":"2020-10-07T18:23:10","guid":{"rendered":"https:\/\/encuentroinformativo.com.mx\/?p=6622"},"modified":"2020-10-07T13:23:30","modified_gmt":"2020-10-07T18:23:30","slug":"antorchistas-llevan-protestas-a-invivienda-reclaman-regularizar-predios","status":"publish","type":"post","link":"https:\/\/encuentroinformativo.com.mx\/?p=6622","title":{"rendered":"Antorchistas llevan protestas a Invivienda, reclaman regularizar predios"},"content":{"rendered":"\n<p><strong>Juan Arcos <\/strong><\/p>\n\n\n\n<p>Xalapa, Ver.- Integrantes de Antorcha Campesina protestaron afuera de las oficinas del Instituto Veracruzano de la Vivienda (Invivienda), con sede en la ciudad de Xalapa, para exigir la regularizaci\u00f3n de predios.<\/p>\n\n\n\n<p>En el lugar, Miguel Basti\u00e1n Sierra, integrante de la organizaci\u00f3n, indic\u00f3 que es necesaria la regularizaci\u00f3n de predios en distintas colonias de 12 municipios.<\/p>\n\n\n\n<p>A\u00f1adi\u00f3 que con dichas acciones se beneficiar\u00eda a m\u00e1s de 20 mil familias veracruzanas.<\/p>\n\n\n\n<p>Se busca que la dependencia estatal atienda las solicitudes de los pobladores de Tantoyuca, Papantla, Xalapa, Alvarado y Veracruz.<\/p>\n\n\n\n<p>Basti\u00e1n Sierra indic\u00f3 que se han solicitado por escrito las audiencias, pero han sido ignorados, tanto en Invivienda como en la Direcci\u00f3n General de Patrimonio del Estado.<\/p>\n\n\n\n<p>\u201cPorque hay 20 mil familias que est\u00e1n siendo afectados por la lentitud de los funcionarios estatales\u201d.<\/p>\n\n\n\n<p>Los quejosos amagaron con manifestarse tambi\u00e9n en Patrimonio del Estado, para que sean atendidas sus peticiones.<\/p>\n\n\n\n<p>\u201cNada m\u00e1s nos dicen que cambiaron al director (en Patrimonio del Estado) y que no nos puede atender porque apenas se est\u00e1 enterando de los temas\u201d, agreg\u00f3 el integrante de la organizaci\u00f3n.<\/p>\n","protected":false},"excerpt":{"rendered":"<p>Juan Arcos Xalapa, Ver.- Integrantes de Antorcha Campesina protestaron afuera de las oficinas del Instituto Veracruzano de la Vivienda (Invivienda), con sede en la ciudad de Xalapa, para exigir la regularizaci\u00f3n de predios. En el lugar, Miguel Basti\u00e1n Sierra, integrante de la organizaci\u00f3n, indic\u00f3 que es necesaria la regularizaci\u00f3n de predios en distintas colonias de [&hellip;]<\/p>\n","protected":false},"author":1,"featured_media":6623,"comment_status":"open","ping_status":"open","sticky":false,"template":"","format":"standard","meta":{"_jetpack_memberships_contains_paid_content":false,"footnotes":""},"categories":[3],"tags":[],"class_list":["post-6622","post","type-post","status-publish","format-standard","has-post-thumbnail","hentry","category-xalapa"],"jetpack_featured_media_url":"https:\/\/encuentroinformativo.com.mx\/wp-content\/uploads\/2020\/10\/B788589B-03D7-4BAF-971D-45BDE63C9FAA.jpeg","jetpack_sharing_enabled":true,"jetpack_likes_enabled":true,"amp_enabled":true,"_links":{"self":[{"href":"https:\/\/encuentroinformativo.com.mx\/index.php?rest_route=\/wp\/v2\/posts\/6622","targetHints":{"allow":["GET"]}}],"collection":[{"href":"https:\/\/encuentroinformativo.com.mx\/index.php?rest_route=\/wp\/v2\/posts"}],"about":[{"href":"https:\/\/encuentroinformativo.com.mx\/index.php?rest_route=\/wp\/v2\/types\/post"}],"author":[{"embeddable":true,"href":"https:\/\/encuentroinformativo.com.mx\/index.php?rest_route=\/wp\/v2\/users\/1"}],"replies":[{"embeddable":true,"href":"https:\/\/encuentroinformativo.com.mx\/index.php?rest_route=%2Fwp%2Fv2%2Fcomments&post=6622"}],"version-history":[{"count":1,"href":"https:\/\/encuentroinformativo.com.mx\/index.php?rest_route=\/wp\/v2\/posts\/6622\/revisions"}],"predecessor-version":[{"id":6624,"href":"https:\/\/encuentroinformativo.com.mx\/index.php?rest_route=\/wp\/v2\/posts\/6622\/revisions\/6624"}],"wp:featuredmedia":[{"embeddable":true,"href":"https:\/\/encuentroinformativo.com.mx\/index.php?rest_route=\/wp\/v2\/media\/6623"}],"wp:attachment":[{"href":"https:\/\/encuentroinformativo.com.mx\/index.php?rest_route=%2Fwp%2Fv2%2Fmedia&parent=6622"}],"wp:term":[{"taxonomy":"category","embeddable":true,"href":"https:\/\/encuentroinformativo.com.mx\/index.php?rest_route=%2Fwp%2Fv2%2Fcategories&post=6622"},{"taxonomy":"post_tag","embeddable":true,"href":"https:\/\/encuentroinformativo.com.mx\/index.php?rest_route=%2Fwp%2Fv2%2Ftags&post=6622"}],"curies":[{"name":"wp","href":"https:\/\/api.w.org\/{rel}","templated":true}]}}