{"id":66222,"date":"2025-04-24T15:47:41","date_gmt":"2025-04-24T21:47:41","guid":{"rendered":"https:\/\/encuentroinformativo.com.mx\/?p=66222"},"modified":"2025-04-25T08:54:47","modified_gmt":"2025-04-25T14:54:47","slug":"se-estrella-au-con-transporte-pollero-en-medellin-de-bravo","status":"publish","type":"post","link":"https:\/\/encuentroinformativo.com.mx\/?p=66222","title":{"rendered":"Se estrella AU con transporte pollero en Medell\u00edn de Bravo"},"content":{"rendered":"<p><strong>Alejandro \u00c1vila<\/strong><\/p>\n<p>Medell\u00edn de Bravo, Ver.- Un aparatoso accidente se registr\u00f3 la tarde de este jueves 24 de abril en la carretera federal 180 a la altura de la localidad El Doce perteneciente al municipio de Medell\u00edn de Bravo.<\/p>\n<p>Los hechos ocurrieron alrededor de las 3 de la tarde y, seg\u00fan testigos, relataron que el conductor de la unidad pesada de la empresa Bachoco con n\u00famero econ\u00f3mico 6101 y conducido por Isa\u00ed Rivera V\u00e1zquez, dobl\u00f3 de manera temeraria con direcci\u00f3n hacia la desviaci\u00f3n al municipio de Tlalixcoyan, es ah\u00ed cuando la unidad de transporte AU con n\u00famero econ\u00f3mico 4494 y conducida por Cristhyan Garc\u00eda Ortiz, no pudo esquivarlo y se impact\u00f3 de frente, dejando cuantiosas da\u00f1os materiales.<\/p>\n<p>Afortunadamente, se report\u00f3 que los 23 pasajeros que abordaron el transporte de pasaje AU, no resultaron lesionados, pero s\u00ed fueron atendidos por personal de la Comisi\u00f3n Nacional de Emergencias delegaci\u00f3n Piedras Negras, pues muchos de ellos presentaban crisis nerviosa; de la misma manera, la mencionada corporaci\u00f3n ayud\u00f3 en la vialidad dentro de la carretera federal 180, mientras los veh\u00edculos siniestrados eran retirados del lugar.<\/p>\n","protected":false},"excerpt":{"rendered":"<p>Alejandro \u00c1vila Medell\u00edn de Bravo, Ver.- Un aparatoso accidente se registr\u00f3 la tarde de este jueves 24 de abril en la carretera federal 180 a la altura de la localidad El Doce perteneciente al municipio de Medell\u00edn de Bravo. Los hechos ocurrieron alrededor de las 3 de la tarde y, seg\u00fan testigos, relataron que el [&hellip;]<\/p>\n","protected":false},"author":2476,"featured_media":66223,"comment_status":"open","ping_status":"open","sticky":false,"template":"","format":"standard","meta":{"_jetpack_memberships_contains_paid_content":false,"footnotes":""},"categories":[2],"tags":[],"class_list":["post-66222","post","type-post","status-publish","format-standard","has-post-thumbnail","hentry","category-estado"],"jetpack_featured_media_url":"https:\/\/encuentroinformativo.com.mx\/wp-content\/uploads\/2025\/04\/IMG-20250424-WA02972.jpg","jetpack_sharing_enabled":true,"jetpack_likes_enabled":true,"amp_enabled":true,"_links":{"self":[{"href":"https:\/\/encuentroinformativo.com.mx\/index.php?rest_route=\/wp\/v2\/posts\/66222","targetHints":{"allow":["GET"]}}],"collection":[{"href":"https:\/\/encuentroinformativo.com.mx\/index.php?rest_route=\/wp\/v2\/posts"}],"about":[{"href":"https:\/\/encuentroinformativo.com.mx\/index.php?rest_route=\/wp\/v2\/types\/post"}],"author":[{"embeddable":true,"href":"https:\/\/encuentroinformativo.com.mx\/index.php?rest_route=\/wp\/v2\/users\/2476"}],"replies":[{"embeddable":true,"href":"https:\/\/encuentroinformativo.com.mx\/index.php?rest_route=%2Fwp%2Fv2%2Fcomments&post=66222"}],"version-history":[{"count":1,"href":"https:\/\/encuentroinformativo.com.mx\/index.php?rest_route=\/wp\/v2\/posts\/66222\/revisions"}],"predecessor-version":[{"id":66224,"href":"https:\/\/encuentroinformativo.com.mx\/index.php?rest_route=\/wp\/v2\/posts\/66222\/revisions\/66224"}],"wp:featuredmedia":[{"embeddable":true,"href":"https:\/\/encuentroinformativo.com.mx\/index.php?rest_route=\/wp\/v2\/media\/66223"}],"wp:attachment":[{"href":"https:\/\/encuentroinformativo.com.mx\/index.php?rest_route=%2Fwp%2Fv2%2Fmedia&parent=66222"}],"wp:term":[{"taxonomy":"category","embeddable":true,"href":"https:\/\/encuentroinformativo.com.mx\/index.php?rest_route=%2Fwp%2Fv2%2Fcategories&post=66222"},{"taxonomy":"post_tag","embeddable":true,"href":"https:\/\/encuentroinformativo.com.mx\/index.php?rest_route=%2Fwp%2Fv2%2Ftags&post=66222"}],"curies":[{"name":"wp","href":"https:\/\/api.w.org\/{rel}","templated":true}]}}